{"id":16944,"date":"2023-04-11T10:21:50","date_gmt":"2023-04-11T10:21:50","guid":{"rendered":"https:\/\/vonburencontemporary.com\/?p=16944"},"modified":"2023-06-15T14:14:52","modified_gmt":"2023-06-15T14:14:52","slug":"bruschini-mitografie-april-20-may-9-2023","status":"publish","type":"post","link":"https:\/\/vonburencontemporary.com\/it\/bruschini-mitografie-april-20-may-9-2023\/","title":{"rendered":"Bruschini | Mitografie | Aprile 2023"},"content":{"rendered":"[vc_row type=&#8221;in_container&#8221; full_screen_row_position=&#8221;middle&#8221; column_margin=&#8221;60px&#8221; column_direction=&#8221;default&#8221; column_direction_tablet=&#8221;default&#8221; column_direction_phone=&#8221;default&#8221; scene_position=&#8221;center&#8221; text_color=&#8221;dark&#8221; text_align=&#8221;left&#8221; row_border_radius=&#8221;none&#8221; row_border_radius_applies=&#8221;bg&#8221; overflow=&#8221;visible&#8221; advanced_gradient_angle=&#8221;0&#8243; overlay_strength=&#8221;0.3&#8243; gradient_direction=&#8221;left_to_right&#8221; shape_divider_position=&#8221;bottom&#8221; bg_image_animation=&#8221;none&#8221; gradient_type=&#8221;default&#8221; shape_type=&#8221;&#8221;][vc_column column_padding=&#8221;no-extra-padding&#8221; column_padding_tablet=&#8221;inherit&#8221; column_padding_phone=&#8221;inherit&#8221; column_padding_position=&#8221;all&#8221; column_element_direction_desktop=&#8221;default&#8221; column_element_spacing=&#8221;default&#8221; desktop_text_alignment=&#8221;default&#8221; tablet_text_alignment=&#8221;default&#8221; phone_text_alignment=&#8221;default&#8221; background_color_opacity=&#8221;1&#8243; background_hover_color_opacity=&#8221;1&#8243; column_backdrop_filter=&#8221;none&#8221; column_shadow=&#8221;none&#8221; column_border_radius=&#8221;none&#8221; column_link_target=&#8221;_self&#8221; column_position=&#8221;default&#8221; gradient_direction=&#8221;left_to_right&#8221; overlay_strength=&#8221;0.3&#8243; width=&#8221;1\/1&#8243; tablet_width_inherit=&#8221;default&#8221; animation_type=&#8221;default&#8221; bg_image_animation=&#8221;none&#8221; border_type=&#8221;simple&#8221; column_border_width=&#8221;none&#8221; column_border_style=&#8221;solid&#8221;][vc_row_inner column_margin=&#8221;default&#8221; column_direction=&#8221;default&#8221; column_direction_tablet=&#8221;default&#8221; column_direction_phone=&#8221;default&#8221; text_align=&#8221;left&#8221; row_position=&#8221;default&#8221; row_position_tablet=&#8221;inherit&#8221; row_position_phone=&#8221;inherit&#8221; overflow=&#8221;visible&#8221; pointer_events=&#8221;all&#8221;][vc_column_inner column_padding=&#8221;no-extra-padding&#8221; column_padding_tablet=&#8221;inherit&#8221; column_padding_phone=&#8221;inherit&#8221; column_padding_position=&#8221;all&#8221; column_element_direction_desktop=&#8221;default&#8221; column_element_spacing=&#8221;default&#8221; centered_text=&#8221;true&#8221; desktop_text_alignment=&#8221;default&#8221; tablet_text_alignment=&#8221;default&#8221; phone_text_alignment=&#8221;default&#8221; background_color_opacity=&#8221;1&#8243; background_hover_color_opacity=&#8221;1&#8243; column_backdrop_filter=&#8221;none&#8221; column_shadow=&#8221;none&#8221; column_border_radius=&#8221;none&#8221; column_link_target=&#8221;_self&#8221; overflow=&#8221;visible&#8221; advanced_gradient_angle=&#8221;0&#8243; gradient_direction=&#8221;left_to_right&#8221; overlay_strength=&#8221;0.3&#8243; width=&#8221;1\/1&#8243; tablet_width_inherit=&#8221;default&#8221; animation_type=&#8221;default&#8221; bg_image_animation=&#8221;none&#8221; border_type=&#8221;simple&#8221; column_border_width=&#8221;none&#8221; column_border_style=&#8221;solid&#8221; gradient_type=&#8221;default&#8221;][image_with_animation image_url=&#8221;16934&#8243; image_size=&#8221;medium_featured&#8221; animation_type=&#8221;entrance&#8221; animation=&#8221;Fade In&#8221; animation_easing=&#8221;default&#8221; animation_movement_type=&#8221;transform_y&#8221; hover_animation=&#8221;none&#8221; alignment=&#8221;&#8221; border_radius=&#8221;none&#8221; box_shadow=&#8221;none&#8221; image_loading=&#8221;default&#8221; max_width=&#8221;100%&#8221; max_width_mobile=&#8221;default&#8221;][\/vc_column_inner][\/vc_row_inner][divider line_type=&#8221;No Line&#8221; custom_height=&#8221;15&#8243;][vc_row_inner equal_height=&#8221;yes&#8221; content_placement=&#8221;middle&#8221; column_margin=&#8221;default&#8221; column_direction=&#8221;default&#8221; column_direction_tablet=&#8221;default&#8221; column_direction_phone=&#8221;default&#8221; text_align=&#8221;left&#8221; row_position=&#8221;default&#8221; row_position_tablet=&#8221;inherit&#8221; row_position_phone=&#8221;inherit&#8221; overflow=&#8221;visible&#8221; pointer_events=&#8221;all&#8221;][vc_column_inner column_padding=&#8221;no-extra-padding&#8221; column_padding_tablet=&#8221;inherit&#8221; column_padding_phone=&#8221;inherit&#8221; column_padding_position=&#8221;all&#8221; column_element_direction_desktop=&#8221;default&#8221; column_element_spacing=&#8221;default&#8221; desktop_text_alignment=&#8221;default&#8221; tablet_text_alignment=&#8221;default&#8221; phone_text_alignment=&#8221;default&#8221; background_color_opacity=&#8221;1&#8243; background_hover_color_opacity=&#8221;1&#8243; column_backdrop_filter=&#8221;none&#8221; column_shadow=&#8221;none&#8221; column_border_radius=&#8221;none&#8221; column_link_target=&#8221;_self&#8221; overflow=&#8221;visible&#8221; gradient_direction=&#8221;left_to_right&#8221; overlay_strength=&#8221;0.3&#8243; width=&#8221;2\/3&#8243; tablet_width_inherit=&#8221;default&#8221; animation_type=&#8221;default&#8221; bg_image_animation=&#8221;none&#8221; border_type=&#8221;simple&#8221; column_border_width=&#8221;none&#8221; column_border_style=&#8221;solid&#8221;][vc_column_text]\n<div id=\"comp-l08crjji\" class=\"_1Q9if\" data-testid=\"richTextElement\">\n<h3 class=\"font_8\"><span class=\"color_14\">INFO<\/span><\/h3>\n<\/div>\n[\/vc_column_text][vc_column_text]\n<div id=\"comp-l08crjji\" class=\"_1Q9if\" data-testid=\"richTextElement\"><i>Mitografie<\/i>, mostra personale di <a href=\"https:\/\/vonburencontemporary.com\/it\/artisti\/lorenzo-bruschini\/\"><strong>Lorenzo Bruschini<\/strong><\/a><\/div>\n<div id=\"comp-l08crjjo\" class=\"_2Hij5\" data-testid=\"richTextElement\">\n<p>Dal 20 Aprile al 9 Maggio, 2023<\/p>\n<p><strong>Vernissage:<\/strong> Gioved\u00ec 20 Aprile dalle ore 18:00 alle 21:00<\/p>\n<\/div>\n<p>&nbsp;<\/p>\n<p><strong>Von Buren Contemporary<\/strong><br \/>\nVia Giulia 13<br \/>\n00186 Roma[\/vc_column_text][\/vc_column_inner][vc_column_inner column_padding=&#8221;padding-2-percent&#8221; column_padding_tablet=&#8221;inherit&#8221; column_padding_phone=&#8221;inherit&#8221; column_padding_position=&#8221;top&#8221; column_element_direction_desktop=&#8221;default&#8221; column_element_spacing=&#8221;default&#8221; centered_text=&#8221;true&#8221; desktop_text_alignment=&#8221;default&#8221; tablet_text_alignment=&#8221;default&#8221; phone_text_alignment=&#8221;default&#8221; background_color_opacity=&#8221;1&#8243; background_hover_color_opacity=&#8221;1&#8243; column_backdrop_filter=&#8221;none&#8221; column_shadow=&#8221;none&#8221; column_border_radius=&#8221;none&#8221; column_link_target=&#8221;_self&#8221; overflow=&#8221;visible&#8221; advanced_gradient_angle=&#8221;0&#8243; gradient_direction=&#8221;left_to_right&#8221; overlay_strength=&#8221;0.3&#8243; width=&#8221;1\/3&#8243; tablet_width_inherit=&#8221;default&#8221; animation_type=&#8221;default&#8221; bg_image_animation=&#8221;none&#8221; border_type=&#8221;simple&#8221; column_border_width=&#8221;none&#8221; column_border_style=&#8221;solid&#8221; gradient_type=&#8221;default&#8221;][nectar_btn size=&#8221;jumbo&#8221; open_new_tab=&#8221;true&#8221; button_style=&#8221;regular&#8221; button_color_2=&#8221;Extra-Color-1&#8243; solid_text_color_override=&#8221;#ffffff&#8221; icon_family=&#8221;none&#8221; el_class=&#8221;full-size&#8221; text=&#8221;Comunicato Stampa&#8221; url=&#8221;https:\/\/vonburencontemporary.com\/wp-content\/uploads\/2023\/04\/CS-MITOGRAFIE-_-Lorenzo-Bruschini-_-20-aprile-2023.pdf&#8221;][nectar_btn size=&#8221;jumbo&#8221; open_new_tab=&#8221;true&#8221; button_style=&#8221;regular&#8221; button_color_2=&#8221;Extra-Color-1&#8243; solid_text_color_override=&#8221;#ffffff&#8221; icon_family=&#8221;none&#8221; el_class=&#8221;full-size&#8221; text=&#8221;Price List&#8221; url=&#8221;https:\/\/vonburencontemporary.com\/wp-content\/uploads\/2023\/05\/Price-List_Bruschini_Apr-23.pdf&#8221;][\/vc_column_inner][\/vc_row_inner][vc_row_inner column_margin=&#8221;default&#8221; column_direction=&#8221;default&#8221; column_direction_tablet=&#8221;default&#8221; column_direction_phone=&#8221;default&#8221; top_padding=&#8221;30&#8243; text_align=&#8221;left&#8221; row_position=&#8221;default&#8221; row_position_tablet=&#8221;inherit&#8221; row_position_phone=&#8221;inherit&#8221; overflow=&#8221;visible&#8221; pointer_events=&#8221;all&#8221;][vc_column_inner column_padding=&#8221;no-extra-padding&#8221; column_padding_tablet=&#8221;inherit&#8221; column_padding_phone=&#8221;inherit&#8221; column_padding_position=&#8221;all&#8221; column_element_direction_desktop=&#8221;default&#8221; column_element_spacing=&#8221;default&#8221; desktop_text_alignment=&#8221;default&#8221; tablet_text_alignment=&#8221;default&#8221; phone_text_alignment=&#8221;default&#8221; background_color_opacity=&#8221;1&#8243; background_hover_color_opacity=&#8221;1&#8243; column_backdrop_filter=&#8221;none&#8221; column_shadow=&#8221;none&#8221; column_border_radius=&#8221;none&#8221; column_link_target=&#8221;_self&#8221; overflow=&#8221;visible&#8221; gradient_direction=&#8221;left_to_right&#8221; overlay_strength=&#8221;0.3&#8243; width=&#8221;1\/1&#8243; tablet_width_inherit=&#8221;default&#8221; animation_type=&#8221;default&#8221; bg_image_animation=&#8221;none&#8221; border_type=&#8221;simple&#8221; column_border_width=&#8221;none&#8221; column_border_style=&#8221;solid&#8221; column_padding_type=&#8221;default&#8221; gradient_type=&#8221;default&#8221;][vc_gallery type=&#8221;image_grid&#8221; images=&#8221;18296,18258,18260,18262,18264,18266,18268,18270,18276,18274,18272,18290,18288,18286,18284,18282,18280,18278,18292,18294&#8243; image_grid_loading=&#8221;default&#8221; layout=&#8221;3&#8243; masonry_style=&#8221;true&#8221; item_spacing=&#8221;default&#8221; gallery_style=&#8221;1&#8243; load_in_animation=&#8221;none&#8221; img_size=&#8221;900&#215;600&#8243;][vc_gallery type=&#8221;image_grid&#8221; images=&#8221;16947,17083,17148,17158&#8243; image_grid_loading=&#8221;default&#8221; layout=&#8221;2&#8243; masonry_style=&#8221;true&#8221; item_spacing=&#8221;default&#8221; gallery_style=&#8221;1&#8243; load_in_animation=&#8221;none&#8221; img_size=&#8221;600&#215;600&#8243;][\/vc_column_inner][\/vc_row_inner][\/vc_column][\/vc_row][vc_row type=&#8221;in_container&#8221; full_screen_row_position=&#8221;middle&#8221; column_margin=&#8221;default&#8221; column_direction=&#8221;default&#8221; column_direction_tablet=&#8221;default&#8221; column_direction_phone=&#8221;default&#8221; scene_position=&#8221;center&#8221; text_color=&#8221;dark&#8221; text_align=&#8221;left&#8221; row_border_radius=&#8221;none&#8221; row_border_radius_applies=&#8221;bg&#8221; overflow=&#8221;visible&#8221; overlay_strength=&#8221;0.3&#8243; gradient_direction=&#8221;left_to_right&#8221; shape_divider_position=&#8221;bottom&#8221; bg_image_animation=&#8221;none&#8221;][vc_column column_padding=&#8221;no-extra-padding&#8221; column_padding_tablet=&#8221;inherit&#8221; column_padding_phone=&#8221;inherit&#8221; column_padding_position=&#8221;all&#8221; column_element_direction_desktop=&#8221;default&#8221; column_element_spacing=&#8221;default&#8221; desktop_text_alignment=&#8221;default&#8221; tablet_text_alignment=&#8221;default&#8221; phone_text_alignment=&#8221;default&#8221; background_color_opacity=&#8221;1&#8243; background_hover_color_opacity=&#8221;1&#8243; column_backdrop_filter=&#8221;none&#8221; column_shadow=&#8221;none&#8221; column_border_radius=&#8221;none&#8221; column_link_target=&#8221;_self&#8221; column_position=&#8221;default&#8221; gradient_direction=&#8221;left_to_right&#8221; overlay_strength=&#8221;0.3&#8243; width=&#8221;1\/1&#8243; tablet_width_inherit=&#8221;default&#8221; animation_type=&#8221;default&#8221; bg_image_animation=&#8221;none&#8221; border_type=&#8221;simple&#8221; column_border_width=&#8221;none&#8221; column_border_style=&#8221;solid&#8221;][nectar_text_inline_images media_type=&#8221;images&#8221; image_size=&#8221;medium&#8221; image_effect=&#8221;none&#8221; image_loading=&#8221;default&#8221;]\n<p style=\"text-align: center;\"><strong>Von Buren Contemporary <\/strong>presenta<\/p>\n<p style=\"text-align: center;\"><strong><em>Mitografie<\/em><\/strong><\/p>\n<p style=\"text-align: center;\">mostra personale di<\/p>\n<p style=\"text-align: center;\"><a href=\"https:\/\/vonburencontemporary.com\/it\/artisti\/lorenzo-bruschini\/\"><strong>LORENZO BRUSCHINI<\/strong><\/a><\/p>\n<p style=\"text-align: center;\"><strong><em>Vernissage<\/em><\/strong><\/p>\n<p style=\"text-align: center;\"><strong>Gioved\u00ec 20 Aprile 2023<br \/>\n<\/strong><strong>dalle 18:00 alle 21:00<\/strong><\/p>\n<p style=\"text-align: center;\">Testo critico:<strong> Marta Span\u00f2<br \/>\n<\/strong>Lettura di poesie di Maura Del Serra: <strong>Daniela Cavallini<\/strong><\/p>\n<p style=\"text-align: center;\"><strong>Presentazione della cartella <em>Mitografie<\/em> con la poetessa Maura Del Serra<br \/>\n<\/strong>Editore:<strong> De Luca Editori d\u2019Arte<br \/>\n<\/strong><strong>Gioved\u00ec 4 Maggio 2023<br \/>\n<\/strong><strong>dalle 17:00 alle 21:00<\/strong><\/p>\n<p style=\"text-align: center;\">la mostra rester\u00e0 aperta fino al 9 maggio 2023<\/p>\n<p>&nbsp;<\/p>\n<p><em>Solamente come Ulisse in mare, nel gorgo di avventura e nostalgia<br \/>\nvive il poeta, per testimoniare<br \/>\nil riso delle onde, e il pianto del sapere <\/em><\/p>\n<p>Maura Del Serra<\/p>\n<p style=\"text-align: justify;\"><strong>Von Buren Contemporary<\/strong> \u00e8 lieta di presentare <strong><em>MITOGRAFIE<\/em><\/strong>, la mostra personale di <strong>Lorenzo Bruschini<\/strong>.<\/p>\n<p style=\"text-align: justify;\">Mitografia significa la rappresentazione dei miti nell&#8217;arte \u2013 titolo doppiamente appropriato per questa mostra, in cui l&#8217;artista torna alla sua esplorazione del mondo della mitologia greca ma presenta anche una preziosa cartella dallo stesso titolo, che unisce una selezione dei suoi disegni a poesie della nota poetessa e drammaturga italiana <strong>Maura Del Serra<\/strong>.<\/p>\n<p style=\"text-align: justify;\">L&#8217;arte di Bruschini continua a rimanere fresca, anche se ritorna pi\u00f9 volte sugli stessi soggetti: creature, dei e dee preannunciati dalla mitologia classica; uccelli, animali e pesci mistici che convivono su un piano di parita\u0300 con gli esseri umani, come nell&#8217;antica arte rupestre; la propria immagine, che ci guarda con aria innocente ma interrogativa; tutto amalgamato insieme, come in un sogno, per mezzo della sua tavolozza contenuta e minimalista. E\u0300 questa instancabile spontaneita\u0300 che consente al lavoro di Bruschini di continuare a lanciare il suo incantesimo.<\/p>\n<p style=\"text-align: justify;\">La mostra \u00e8 composta di quadri nuovi di Bruschini, creati specificamente per <em>Mitografie<\/em>, e da opere provenienti dalla sua retrospettiva museale del 2021 al Complesso Monumentale del San Giovanni di Catanzaro, ora esposte per la prima volta a Roma. Inoltre ci sono i disegni, fra cui quelli scelti per la cartella realizzata insieme a Maura Del Serra e edita da <strong>De Luca Editori d&#8217;Arte<\/strong>. La raccolta, che consiste di sette poesie di Del Serra e sette disegni di Bruschini, \u00e8 pubblicato in una edizione limitata, firmata e numerata, di 100 copie, e sar\u00e0 formalmente presentato in galleria <strong>gioved\u00ec 4 maggio<\/strong>, presenti la poetessa e l&#8217;editore.<\/p>\n<p style=\"text-align: justify;\">Lorenzo Bruschini \u00e8 nato a Frascati nel 1974. Dopo aver frequentato come borsista la prestigiosa \u00c9cole Nationale Sup\u00e9rieure des Arts D\u00e9coratifs di Parigi, nel 2007 si diploma in Pittura all&#8217;Accademia di Belle Arti di Roma. Le opere di Bruschini sono presenti in varie collezioni private e museali in Italia a all&#8217;estero, tra le quali quella del poeta francese Yves Bonnefoy, il Museo Civico di Taverna, la Fondazione Andrea Cefaly a Catanzaro, la Pinacoteca Civica di Jesi, e la Fondazione Mario Moderni a Roma.<\/p>\n<p style=\"text-align: justify;\">Artista poliedrico, fondatore della Scuola d&#8217;Arte <em>Les Oiseaux Noirs<\/em>, i suoi lavori di elevata immaginazione coniugano la dimensione del sogno e del mito con una tavolozza elegante e minimale. Nel 2016 Bruschini tiene la sua personale negli spazi museali delle Scuderie Aldobrandini a Frascati. Lo stesso anno vince la selezione internazionale per il programma di residenza per artisti <em>ArtAmari<\/em>, che lo porta ad attraversare in un viaggio di ricerca la Grecia fino all&#8217;isola di Creta, dove realizza il libro d&#8217;artista <em>Scendeva simile alla notte<\/em>. Nel 2019 all&#8217;Accademia di Francia di Villa Medici a Roma, i disegni di Bruschini sono stati proiettati sulla facciata rinascimentale della villa in un progetto creato con lo scrittore franco-venezuelano Miguel Bonnefoy. Nel 2020 riceve il Premio di Operosit\u00e0 da parte del Fondo nazionale PSMSAD (Pittori Scultori Musicisti Scrittori e Autori Drammatici) e nel 2021, il Museo del Complesso Monumentale del San Giovanni a Catanzaro ha tenuto una retrospettiva del lavoro dell&#8217;artista.<\/p>\n<p><strong>Ufficio stampa<br \/>\n<\/strong>Alessandra Lenzi | <a href=\"mailto:alessandralenzi.press@gmail.com\">alessandralenzi.press@gmail.com<\/a><br \/>\nTel: (+39) 320 5621416[\/nectar_text_inline_images][\/vc_column][\/vc_row]\n","protected":false},"excerpt":{"rendered":"<p>[vc_row type=&#8221;in_container&#8221; full_screen_row_position=&#8221;middle&#8221; column_margin=&#8221;60px&#8221; column_direction=&#8221;default&#8221; column_direction_tablet=&#8221;default&#8221; column_direction_phone=&#8221;default&#8221; scene_position=&#8221;center&#8221; text_color=&#8221;dark&#8221; text_align=&#8221;left&#8221; row_border_radius=&#8221;none&#8221; row_border_radius_applies=&#8221;bg&#8221; overflow=&#8221;visible&#8221; advanced_gradient_angle=&#8221;0&#8243; overlay_strength=&#8221;0.3&#8243; gradient_direction=&#8221;left_to_right&#8221; shape_divider_position=&#8221;bottom&#8221; bg_image_animation=&#8221;none&#8221; gradient_type=&#8221;default&#8221; shape_type=&#8221;&#8221;][vc_column column_padding=&#8221;no-extra-padding&#8221; column_padding_tablet=&#8221;inherit&#8221; column_padding_phone=&#8221;inherit&#8221; column_padding_position=&#8221;all&#8221; column_element_direction_desktop=&#8221;default&#8221; column_element_spacing=&#8221;default&#8221; desktop_text_alignment=&#8221;default&#8221; tablet_text_alignment=&#8221;default&#8221; phone_text_alignment=&#8221;default&#8221; background_color_opacity=&#8221;1&#8243;&#8230;<\/p>\n","protected":false},"author":4,"featured_media":16935,"comment_status":"closed","ping_status":"closed","sticky":false,"template":"","format":"standard","meta":{"_jetpack_memberships_contains_paid_content":false,"footnotes":""},"categories":[417],"tags":[],"class_list":{"0":"post-16944","1":"post","2":"type-post","3":"status-publish","4":"format-standard","5":"has-post-thumbnail","7":"category-2023-it"},"yoast_head":"<!-- This site is optimized with the Yoast SEO plugin v27.5 - https:\/\/yoast.com\/product\/yoast-seo-wordpress\/ -->\n<title>Lorenzo Bruschini | Mitografie | solo show | VBC<\/title>\n<meta name=\"description\" content=\"Von Buren contemprary presenta la mostra personale di Lorenzo Bruschini, Mitografie. Dal 20 aprile al 9 Maggio 2023, Via Giulia 13, Roma.\" \/>\n<meta name=\"robots\" content=\"index, follow, max-snippet:-1, max-image-preview:large, max-video-preview:-1\" \/>\n<link rel=\"canonical\" href=\"https:\/\/vonburencontemporary.com\/it\/bruschini-mitografie-april-20-may-9-2023\/\" \/>\n<meta property=\"og:locale\" content=\"it_IT\" \/>\n<meta property=\"og:type\" content=\"article\" \/>\n<meta property=\"og:title\" content=\"Lorenzo Bruschini | Mitografie | solo show | VBC\" \/>\n<meta property=\"og:description\" content=\"Von Buren contemprary presenta la mostra personale di Lorenzo Bruschini, Mitografie. Dal 20 aprile al 9 Maggio 2023, Via Giulia 13, Roma.\" \/>\n<meta property=\"og:url\" content=\"https:\/\/vonburencontemporary.com\/it\/bruschini-mitografie-april-20-may-9-2023\/\" \/>\n<meta property=\"og:site_name\" content=\"Von Buren Contemporary\" \/>\n<meta property=\"article:published_time\" content=\"2023-04-11T10:21:50+00:00\" \/>\n<meta property=\"article:modified_time\" content=\"2023-06-15T14:14:52+00:00\" \/>\n<meta property=\"og:image\" content=\"https:\/\/vonburencontemporary.com\/wp-content\/uploads\/2023\/04\/VON-BUREN-BRUSCHINI-WEB-960x1024.jpg\" \/>\n\t<meta property=\"og:image:width\" content=\"960\" \/>\n\t<meta property=\"og:image:height\" content=\"1024\" \/>\n\t<meta property=\"og:image:type\" content=\"image\/jpeg\" \/>\n<meta name=\"author\" content=\"Sofia\" \/>\n<meta name=\"twitter:card\" content=\"summary_large_image\" \/>\n<meta name=\"twitter:label1\" content=\"Scritto da\" \/>\n\t<meta name=\"twitter:data1\" content=\"Sofia\" \/>\n\t<meta name=\"twitter:label2\" content=\"Tempo di lettura stimato\" \/>\n\t<meta name=\"twitter:data2\" content=\"5 minuti\" \/>\n<script type=\"application\/ld+json\" class=\"yoast-schema-graph\">{\"@context\":\"https:\\\/\\\/schema.org\",\"@graph\":[{\"@type\":\"Article\",\"@id\":\"https:\\\/\\\/vonburencontemporary.com\\\/it\\\/bruschini-mitografie-april-20-may-9-2023\\\/#article\",\"isPartOf\":{\"@id\":\"https:\\\/\\\/vonburencontemporary.com\\\/it\\\/bruschini-mitografie-april-20-may-9-2023\\\/\"},\"author\":{\"name\":\"Sofia\",\"@id\":\"https:\\\/\\\/vonburencontemporary.com\\\/it\\\/#\\\/schema\\\/person\\\/42a365846f220efe3dbfb802ac7860bc\"},\"headline\":\"Bruschini | Mitografie | Aprile 2023\",\"datePublished\":\"2023-04-11T10:21:50+00:00\",\"dateModified\":\"2023-06-15T14:14:52+00:00\",\"mainEntityOfPage\":{\"@id\":\"https:\\\/\\\/vonburencontemporary.com\\\/it\\\/bruschini-mitografie-april-20-may-9-2023\\\/\"},\"wordCount\":1683,\"publisher\":{\"@id\":\"https:\\\/\\\/vonburencontemporary.com\\\/it\\\/#organization\"},\"image\":{\"@id\":\"https:\\\/\\\/vonburencontemporary.com\\\/it\\\/bruschini-mitografie-april-20-may-9-2023\\\/#primaryimage\"},\"thumbnailUrl\":\"https:\\\/\\\/vonburencontemporary.com\\\/wp-content\\\/uploads\\\/2023\\\/04\\\/VON-BUREN-BRUSCHINI-WEB.jpg\",\"articleSection\":[\"2023\"],\"inLanguage\":\"it-IT\"},{\"@type\":\"WebPage\",\"@id\":\"https:\\\/\\\/vonburencontemporary.com\\\/it\\\/bruschini-mitografie-april-20-may-9-2023\\\/\",\"url\":\"https:\\\/\\\/vonburencontemporary.com\\\/it\\\/bruschini-mitografie-april-20-may-9-2023\\\/\",\"name\":\"Lorenzo Bruschini | Mitografie | solo show | VBC\",\"isPartOf\":{\"@id\":\"https:\\\/\\\/vonburencontemporary.com\\\/it\\\/#website\"},\"primaryImageOfPage\":{\"@id\":\"https:\\\/\\\/vonburencontemporary.com\\\/it\\\/bruschini-mitografie-april-20-may-9-2023\\\/#primaryimage\"},\"image\":{\"@id\":\"https:\\\/\\\/vonburencontemporary.com\\\/it\\\/bruschini-mitografie-april-20-may-9-2023\\\/#primaryimage\"},\"thumbnailUrl\":\"https:\\\/\\\/vonburencontemporary.com\\\/wp-content\\\/uploads\\\/2023\\\/04\\\/VON-BUREN-BRUSCHINI-WEB.jpg\",\"datePublished\":\"2023-04-11T10:21:50+00:00\",\"dateModified\":\"2023-06-15T14:14:52+00:00\",\"description\":\"Von Buren contemprary presenta la mostra personale di Lorenzo Bruschini, Mitografie. Dal 20 aprile al 9 Maggio 2023, Via Giulia 13, Roma.\",\"breadcrumb\":{\"@id\":\"https:\\\/\\\/vonburencontemporary.com\\\/it\\\/bruschini-mitografie-april-20-may-9-2023\\\/#breadcrumb\"},\"inLanguage\":\"it-IT\",\"potentialAction\":[{\"@type\":\"ReadAction\",\"target\":[\"https:\\\/\\\/vonburencontemporary.com\\\/it\\\/bruschini-mitografie-april-20-may-9-2023\\\/\"]}]},{\"@type\":\"ImageObject\",\"inLanguage\":\"it-IT\",\"@id\":\"https:\\\/\\\/vonburencontemporary.com\\\/it\\\/bruschini-mitografie-april-20-may-9-2023\\\/#primaryimage\",\"url\":\"https:\\\/\\\/vonburencontemporary.com\\\/wp-content\\\/uploads\\\/2023\\\/04\\\/VON-BUREN-BRUSCHINI-WEB.jpg\",\"contentUrl\":\"https:\\\/\\\/vonburencontemporary.com\\\/wp-content\\\/uploads\\\/2023\\\/04\\\/VON-BUREN-BRUSCHINI-WEB.jpg\",\"width\":1772,\"height\":1890,\"caption\":\"von buren contemporary, mostre a roma, lorenzo bruschini\"},{\"@type\":\"BreadcrumbList\",\"@id\":\"https:\\\/\\\/vonburencontemporary.com\\\/it\\\/bruschini-mitografie-april-20-may-9-2023\\\/#breadcrumb\",\"itemListElement\":[{\"@type\":\"ListItem\",\"position\":1,\"name\":\"Home\",\"item\":\"https:\\\/\\\/vonburencontemporary.com\\\/it\\\/\"},{\"@type\":\"ListItem\",\"position\":2,\"name\":\"Bruschini | Mitografie | Aprile 2023\"}]},{\"@type\":\"WebSite\",\"@id\":\"https:\\\/\\\/vonburencontemporary.com\\\/it\\\/#website\",\"url\":\"https:\\\/\\\/vonburencontemporary.com\\\/it\\\/\",\"name\":\"Von Buren Contemporary\",\"description\":\"\",\"publisher\":{\"@id\":\"https:\\\/\\\/vonburencontemporary.com\\\/it\\\/#organization\"},\"potentialAction\":[{\"@type\":\"SearchAction\",\"target\":{\"@type\":\"EntryPoint\",\"urlTemplate\":\"https:\\\/\\\/vonburencontemporary.com\\\/it\\\/?s={search_term_string}\"},\"query-input\":{\"@type\":\"PropertyValueSpecification\",\"valueRequired\":true,\"valueName\":\"search_term_string\"}}],\"inLanguage\":\"it-IT\"},{\"@type\":\"Organization\",\"@id\":\"https:\\\/\\\/vonburencontemporary.com\\\/it\\\/#organization\",\"name\":\"Von Buren Contemporary\",\"url\":\"https:\\\/\\\/vonburencontemporary.com\\\/it\\\/\",\"logo\":{\"@type\":\"ImageObject\",\"inLanguage\":\"it-IT\",\"@id\":\"https:\\\/\\\/vonburencontemporary.com\\\/it\\\/#\\\/schema\\\/logo\\\/image\\\/\",\"url\":\"https:\\\/\\\/vonburencontemporary.com\\\/wp-content\\\/uploads\\\/2022\\\/03\\\/VBC-Logo-Colour.png\",\"contentUrl\":\"https:\\\/\\\/vonburencontemporary.com\\\/wp-content\\\/uploads\\\/2022\\\/03\\\/VBC-Logo-Colour.png\",\"width\":222,\"height\":216,\"caption\":\"Von Buren Contemporary\"},\"image\":{\"@id\":\"https:\\\/\\\/vonburencontemporary.com\\\/it\\\/#\\\/schema\\\/logo\\\/image\\\/\"},\"sameAs\":[\"https:\\\/\\\/www.instagram.com\\\/vonburen.contemporary\\\/\"]},{\"@type\":\"Person\",\"@id\":\"https:\\\/\\\/vonburencontemporary.com\\\/it\\\/#\\\/schema\\\/person\\\/42a365846f220efe3dbfb802ac7860bc\",\"name\":\"Sofia\",\"image\":{\"@type\":\"ImageObject\",\"inLanguage\":\"it-IT\",\"@id\":\"https:\\\/\\\/secure.gravatar.com\\\/avatar\\\/1af06f18e0117880332de320e72573d2053ea4a94599ee83beb1122cce08a78b?s=96&d=mm&r=g\",\"url\":\"https:\\\/\\\/secure.gravatar.com\\\/avatar\\\/1af06f18e0117880332de320e72573d2053ea4a94599ee83beb1122cce08a78b?s=96&d=mm&r=g\",\"contentUrl\":\"https:\\\/\\\/secure.gravatar.com\\\/avatar\\\/1af06f18e0117880332de320e72573d2053ea4a94599ee83beb1122cce08a78b?s=96&d=mm&r=g\",\"caption\":\"Sofia\"},\"url\":\"https:\\\/\\\/vonburencontemporary.com\\\/it\\\/author\\\/sofia\\\/\"}]}<\/script>\n<!-- \/ Yoast SEO plugin. -->","yoast_head_json":{"title":"Lorenzo Bruschini | Mitografie | solo show | VBC","description":"Von Buren contemprary presenta la mostra personale di Lorenzo Bruschini, Mitografie. Dal 20 aprile al 9 Maggio 2023, Via Giulia 13, Roma.","robots":{"index":"index","follow":"follow","max-snippet":"max-snippet:-1","max-image-preview":"max-image-preview:large","max-video-preview":"max-video-preview:-1"},"canonical":"https:\/\/vonburencontemporary.com\/it\/bruschini-mitografie-april-20-may-9-2023\/","og_locale":"it_IT","og_type":"article","og_title":"Lorenzo Bruschini | Mitografie | solo show | VBC","og_description":"Von Buren contemprary presenta la mostra personale di Lorenzo Bruschini, Mitografie. Dal 20 aprile al 9 Maggio 2023, Via Giulia 13, Roma.","og_url":"https:\/\/vonburencontemporary.com\/it\/bruschini-mitografie-april-20-may-9-2023\/","og_site_name":"Von Buren Contemporary","article_published_time":"2023-04-11T10:21:50+00:00","article_modified_time":"2023-06-15T14:14:52+00:00","og_image":[{"width":960,"height":1024,"url":"https:\/\/vonburencontemporary.com\/wp-content\/uploads\/2023\/04\/VON-BUREN-BRUSCHINI-WEB-960x1024.jpg","type":"image\/jpeg"}],"author":"Sofia","twitter_card":"summary_large_image","twitter_misc":{"Scritto da":"Sofia","Tempo di lettura stimato":"5 minuti"},"schema":{"@context":"https:\/\/schema.org","@graph":[{"@type":"Article","@id":"https:\/\/vonburencontemporary.com\/it\/bruschini-mitografie-april-20-may-9-2023\/#article","isPartOf":{"@id":"https:\/\/vonburencontemporary.com\/it\/bruschini-mitografie-april-20-may-9-2023\/"},"author":{"name":"Sofia","@id":"https:\/\/vonburencontemporary.com\/it\/#\/schema\/person\/42a365846f220efe3dbfb802ac7860bc"},"headline":"Bruschini | Mitografie | Aprile 2023","datePublished":"2023-04-11T10:21:50+00:00","dateModified":"2023-06-15T14:14:52+00:00","mainEntityOfPage":{"@id":"https:\/\/vonburencontemporary.com\/it\/bruschini-mitografie-april-20-may-9-2023\/"},"wordCount":1683,"publisher":{"@id":"https:\/\/vonburencontemporary.com\/it\/#organization"},"image":{"@id":"https:\/\/vonburencontemporary.com\/it\/bruschini-mitografie-april-20-may-9-2023\/#primaryimage"},"thumbnailUrl":"https:\/\/vonburencontemporary.com\/wp-content\/uploads\/2023\/04\/VON-BUREN-BRUSCHINI-WEB.jpg","articleSection":["2023"],"inLanguage":"it-IT"},{"@type":"WebPage","@id":"https:\/\/vonburencontemporary.com\/it\/bruschini-mitografie-april-20-may-9-2023\/","url":"https:\/\/vonburencontemporary.com\/it\/bruschini-mitografie-april-20-may-9-2023\/","name":"Lorenzo Bruschini | Mitografie | solo show | VBC","isPartOf":{"@id":"https:\/\/vonburencontemporary.com\/it\/#website"},"primaryImageOfPage":{"@id":"https:\/\/vonburencontemporary.com\/it\/bruschini-mitografie-april-20-may-9-2023\/#primaryimage"},"image":{"@id":"https:\/\/vonburencontemporary.com\/it\/bruschini-mitografie-april-20-may-9-2023\/#primaryimage"},"thumbnailUrl":"https:\/\/vonburencontemporary.com\/wp-content\/uploads\/2023\/04\/VON-BUREN-BRUSCHINI-WEB.jpg","datePublished":"2023-04-11T10:21:50+00:00","dateModified":"2023-06-15T14:14:52+00:00","description":"Von Buren contemprary presenta la mostra personale di Lorenzo Bruschini, Mitografie. Dal 20 aprile al 9 Maggio 2023, Via Giulia 13, Roma.","breadcrumb":{"@id":"https:\/\/vonburencontemporary.com\/it\/bruschini-mitografie-april-20-may-9-2023\/#breadcrumb"},"inLanguage":"it-IT","potentialAction":[{"@type":"ReadAction","target":["https:\/\/vonburencontemporary.com\/it\/bruschini-mitografie-april-20-may-9-2023\/"]}]},{"@type":"ImageObject","inLanguage":"it-IT","@id":"https:\/\/vonburencontemporary.com\/it\/bruschini-mitografie-april-20-may-9-2023\/#primaryimage","url":"https:\/\/vonburencontemporary.com\/wp-content\/uploads\/2023\/04\/VON-BUREN-BRUSCHINI-WEB.jpg","contentUrl":"https:\/\/vonburencontemporary.com\/wp-content\/uploads\/2023\/04\/VON-BUREN-BRUSCHINI-WEB.jpg","width":1772,"height":1890,"caption":"von buren contemporary, mostre a roma, lorenzo bruschini"},{"@type":"BreadcrumbList","@id":"https:\/\/vonburencontemporary.com\/it\/bruschini-mitografie-april-20-may-9-2023\/#breadcrumb","itemListElement":[{"@type":"ListItem","position":1,"name":"Home","item":"https:\/\/vonburencontemporary.com\/it\/"},{"@type":"ListItem","position":2,"name":"Bruschini | Mitografie | Aprile 2023"}]},{"@type":"WebSite","@id":"https:\/\/vonburencontemporary.com\/it\/#website","url":"https:\/\/vonburencontemporary.com\/it\/","name":"Von Buren Contemporary","description":"","publisher":{"@id":"https:\/\/vonburencontemporary.com\/it\/#organization"},"potentialAction":[{"@type":"SearchAction","target":{"@type":"EntryPoint","urlTemplate":"https:\/\/vonburencontemporary.com\/it\/?s={search_term_string}"},"query-input":{"@type":"PropertyValueSpecification","valueRequired":true,"valueName":"search_term_string"}}],"inLanguage":"it-IT"},{"@type":"Organization","@id":"https:\/\/vonburencontemporary.com\/it\/#organization","name":"Von Buren Contemporary","url":"https:\/\/vonburencontemporary.com\/it\/","logo":{"@type":"ImageObject","inLanguage":"it-IT","@id":"https:\/\/vonburencontemporary.com\/it\/#\/schema\/logo\/image\/","url":"https:\/\/vonburencontemporary.com\/wp-content\/uploads\/2022\/03\/VBC-Logo-Colour.png","contentUrl":"https:\/\/vonburencontemporary.com\/wp-content\/uploads\/2022\/03\/VBC-Logo-Colour.png","width":222,"height":216,"caption":"Von Buren Contemporary"},"image":{"@id":"https:\/\/vonburencontemporary.com\/it\/#\/schema\/logo\/image\/"},"sameAs":["https:\/\/www.instagram.com\/vonburen.contemporary\/"]},{"@type":"Person","@id":"https:\/\/vonburencontemporary.com\/it\/#\/schema\/person\/42a365846f220efe3dbfb802ac7860bc","name":"Sofia","image":{"@type":"ImageObject","inLanguage":"it-IT","@id":"https:\/\/secure.gravatar.com\/avatar\/1af06f18e0117880332de320e72573d2053ea4a94599ee83beb1122cce08a78b?s=96&d=mm&r=g","url":"https:\/\/secure.gravatar.com\/avatar\/1af06f18e0117880332de320e72573d2053ea4a94599ee83beb1122cce08a78b?s=96&d=mm&r=g","contentUrl":"https:\/\/secure.gravatar.com\/avatar\/1af06f18e0117880332de320e72573d2053ea4a94599ee83beb1122cce08a78b?s=96&d=mm&r=g","caption":"Sofia"},"url":"https:\/\/vonburencontemporary.com\/it\/author\/sofia\/"}]}},"jetpack_featured_media_url":"https:\/\/vonburencontemporary.com\/wp-content\/uploads\/2023\/04\/VON-BUREN-BRUSCHINI-WEB.jpg","jetpack_sharing_enabled":true,"_links":{"self":[{"href":"https:\/\/vonburencontemporary.com\/it\/wp-json\/wp\/v2\/posts\/16944","targetHints":{"allow":["GET"]}}],"collection":[{"href":"https:\/\/vonburencontemporary.com\/it\/wp-json\/wp\/v2\/posts"}],"about":[{"href":"https:\/\/vonburencontemporary.com\/it\/wp-json\/wp\/v2\/types\/post"}],"author":[{"embeddable":true,"href":"https:\/\/vonburencontemporary.com\/it\/wp-json\/wp\/v2\/users\/4"}],"replies":[{"embeddable":true,"href":"https:\/\/vonburencontemporary.com\/it\/wp-json\/wp\/v2\/comments?post=16944"}],"version-history":[{"count":0,"href":"https:\/\/vonburencontemporary.com\/it\/wp-json\/wp\/v2\/posts\/16944\/revisions"}],"wp:featuredmedia":[{"embeddable":true,"href":"https:\/\/vonburencontemporary.com\/it\/wp-json\/wp\/v2\/media\/16935"}],"wp:attachment":[{"href":"https:\/\/vonburencontemporary.com\/it\/wp-json\/wp\/v2\/media?parent=16944"}],"wp:term":[{"taxonomy":"category","embeddable":true,"href":"https:\/\/vonburencontemporary.com\/it\/wp-json\/wp\/v2\/categories?post=16944"},{"taxonomy":"post_tag","embeddable":true,"href":"https:\/\/vonburencontemporary.com\/it\/wp-json\/wp\/v2\/tags?post=16944"}],"curies":[{"name":"wp","href":"https:\/\/api.w.org\/{rel}","templated":true}]}}