{"id":18732,"date":"2023-10-18T14:42:10","date_gmt":"2023-10-18T14:42:10","guid":{"rendered":"https:\/\/vonburencontemporary.com\/rocco-prudhon-and-more-13-14-15-october-2023\/"},"modified":"2023-11-23T11:13:51","modified_gmt":"2023-11-23T11:13:51","slug":"rocco-prudhon-and-more-13-14-15-october-2023","status":"publish","type":"post","link":"https:\/\/vonburencontemporary.com\/it\/rocco-prudhon-and-more-13-14-15-october-2023\/","title":{"rendered":"Rocco | Prud&#8217;hon and more | Novembre 2023"},"content":{"rendered":"[vc_row type=&#8221;in_container&#8221; full_screen_row_position=&#8221;middle&#8221; column_margin=&#8221;60px&#8221; column_direction=&#8221;default&#8221; column_direction_tablet=&#8221;default&#8221; column_direction_phone=&#8221;default&#8221; scene_position=&#8221;center&#8221; text_color=&#8221;dark&#8221; text_align=&#8221;left&#8221; row_border_radius=&#8221;none&#8221; row_border_radius_applies=&#8221;bg&#8221; overflow=&#8221;visible&#8221; advanced_gradient_angle=&#8221;0&#8243; overlay_strength=&#8221;0.3&#8243; gradient_direction=&#8221;left_to_right&#8221; shape_divider_position=&#8221;bottom&#8221; bg_image_animation=&#8221;none&#8221; gradient_type=&#8221;default&#8221; shape_type=&#8221;&#8221;][vc_column column_padding=&#8221;no-extra-padding&#8221; column_padding_tablet=&#8221;inherit&#8221; column_padding_phone=&#8221;inherit&#8221; column_padding_position=&#8221;all&#8221; column_element_direction_desktop=&#8221;default&#8221; column_element_spacing=&#8221;default&#8221; desktop_text_alignment=&#8221;default&#8221; tablet_text_alignment=&#8221;default&#8221; phone_text_alignment=&#8221;default&#8221; background_color_opacity=&#8221;1&#8243; background_hover_color_opacity=&#8221;1&#8243; column_backdrop_filter=&#8221;none&#8221; column_shadow=&#8221;none&#8221; column_border_radius=&#8221;none&#8221; column_link_target=&#8221;_self&#8221; column_position=&#8221;default&#8221; gradient_direction=&#8221;left_to_right&#8221; overlay_strength=&#8221;0.3&#8243; width=&#8221;1\/1&#8243; tablet_width_inherit=&#8221;default&#8221; animation_type=&#8221;default&#8221; bg_image_animation=&#8221;none&#8221; border_type=&#8221;simple&#8221; column_border_width=&#8221;none&#8221; column_border_style=&#8221;solid&#8221;][vc_row_inner column_margin=&#8221;default&#8221; column_direction=&#8221;default&#8221; column_direction_tablet=&#8221;default&#8221; column_direction_phone=&#8221;default&#8221; text_align=&#8221;left&#8221; row_position=&#8221;default&#8221; row_position_tablet=&#8221;inherit&#8221; row_position_phone=&#8221;inherit&#8221; overflow=&#8221;visible&#8221; pointer_events=&#8221;all&#8221;][vc_column_inner column_padding=&#8221;no-extra-padding&#8221; column_padding_tablet=&#8221;inherit&#8221; column_padding_phone=&#8221;inherit&#8221; column_padding_position=&#8221;all&#8221; column_element_direction_desktop=&#8221;default&#8221; column_element_spacing=&#8221;default&#8221; centered_text=&#8221;true&#8221; desktop_text_alignment=&#8221;default&#8221; tablet_text_alignment=&#8221;default&#8221; phone_text_alignment=&#8221;default&#8221; background_color_opacity=&#8221;1&#8243; background_hover_color_opacity=&#8221;1&#8243; column_backdrop_filter=&#8221;none&#8221; column_shadow=&#8221;none&#8221; column_border_radius=&#8221;none&#8221; column_link_target=&#8221;_self&#8221; overflow=&#8221;visible&#8221; advanced_gradient_angle=&#8221;0&#8243; gradient_direction=&#8221;left_to_right&#8221; overlay_strength=&#8221;0.3&#8243; width=&#8221;1\/1&#8243; tablet_width_inherit=&#8221;default&#8221; animation_type=&#8221;default&#8221; bg_image_animation=&#8221;none&#8221; border_type=&#8221;simple&#8221; column_border_width=&#8221;none&#8221; column_border_style=&#8221;solid&#8221; gradient_type=&#8221;default&#8221;][image_with_animation image_url=&#8221;19278&#8243; image_size=&#8221;medium_featured&#8221; animation_type=&#8221;entrance&#8221; animation=&#8221;Fade In&#8221; animation_easing=&#8221;default&#8221; animation_movement_type=&#8221;transform_y&#8221; hover_animation=&#8221;none&#8221; alignment=&#8221;&#8221; border_radius=&#8221;none&#8221; box_shadow=&#8221;none&#8221; image_loading=&#8221;default&#8221; max_width=&#8221;100%&#8221; max_width_mobile=&#8221;default&#8221;][\/vc_column_inner][\/vc_row_inner][divider line_type=&#8221;No Line&#8221; custom_height=&#8221;15&#8243;][vc_row_inner equal_height=&#8221;yes&#8221; content_placement=&#8221;middle&#8221; column_margin=&#8221;default&#8221; column_direction=&#8221;default&#8221; column_direction_tablet=&#8221;default&#8221; column_direction_phone=&#8221;default&#8221; text_align=&#8221;left&#8221; row_position=&#8221;default&#8221; row_position_tablet=&#8221;inherit&#8221; row_position_phone=&#8221;inherit&#8221; overflow=&#8221;visible&#8221; pointer_events=&#8221;all&#8221;][vc_column_inner column_padding=&#8221;no-extra-padding&#8221; column_padding_tablet=&#8221;inherit&#8221; column_padding_phone=&#8221;inherit&#8221; column_padding_position=&#8221;all&#8221; column_element_direction_desktop=&#8221;default&#8221; column_element_spacing=&#8221;default&#8221; desktop_text_alignment=&#8221;default&#8221; tablet_text_alignment=&#8221;default&#8221; phone_text_alignment=&#8221;default&#8221; background_color_opacity=&#8221;1&#8243; background_hover_color_opacity=&#8221;1&#8243; column_backdrop_filter=&#8221;none&#8221; column_shadow=&#8221;none&#8221; column_border_radius=&#8221;none&#8221; column_link_target=&#8221;_self&#8221; overflow=&#8221;visible&#8221; gradient_direction=&#8221;left_to_right&#8221; overlay_strength=&#8221;0.3&#8243; width=&#8221;2\/3&#8243; tablet_width_inherit=&#8221;default&#8221; animation_type=&#8221;default&#8221; bg_image_animation=&#8221;none&#8221; border_type=&#8221;simple&#8221; column_border_width=&#8221;none&#8221; column_border_style=&#8221;solid&#8221;][vc_column_text]\n<div id=\"comp-l08crjji\" class=\"_1Q9if\" data-testid=\"richTextElement\">\n<h3 class=\"font_8\"><span class=\"color_14\">INFO<\/span><\/h3>\n<\/div>\n[\/vc_column_text][vc_column_text]\n<div id=\"comp-l08crjji\" class=\"_1Q9if\" data-testid=\"richTextElement\"><i>Prud&#8217;hon and more<\/i>, mostra personale di\u00a0 <a href=\"https:\/\/vonburencontemporary.com\/it\/artisti\/agostino-rocco\/\" target=\"_blank\" rel=\"noopener\"><strong>Agostino Rocco<\/strong><\/a><\/div>\n<div id=\"comp-l08crjjo\" class=\"_2Hij5\" data-testid=\"richTextElement\">\n<p><strong>Vernissage<\/strong><br \/>\n<strong>Domenica 26 novembre 2023, dalle 18:00 &#8211; 21:00<br \/>\n<\/strong>la mostra rimarr\u00e0 aperta fino al 6 dicembre 2023<\/p>\n<\/div>\n<p><strong>Von Buren Contemporary<\/strong><br \/>\nVia Giulia 13<br \/>\n00186 Roma[\/vc_column_text][\/vc_column_inner][vc_column_inner column_padding=&#8221;padding-2-percent&#8221; column_padding_tablet=&#8221;inherit&#8221; column_padding_phone=&#8221;inherit&#8221; column_padding_position=&#8221;top&#8221; column_element_direction_desktop=&#8221;default&#8221; column_element_spacing=&#8221;default&#8221; centered_text=&#8221;true&#8221; desktop_text_alignment=&#8221;default&#8221; tablet_text_alignment=&#8221;default&#8221; phone_text_alignment=&#8221;default&#8221; background_color_opacity=&#8221;1&#8243; background_hover_color_opacity=&#8221;1&#8243; column_backdrop_filter=&#8221;none&#8221; column_shadow=&#8221;none&#8221; column_border_radius=&#8221;none&#8221; column_link_target=&#8221;_self&#8221; overflow=&#8221;visible&#8221; advanced_gradient_angle=&#8221;0&#8243; gradient_direction=&#8221;left_to_right&#8221; overlay_strength=&#8221;0.3&#8243; width=&#8221;1\/3&#8243; tablet_width_inherit=&#8221;default&#8221; animation_type=&#8221;default&#8221; bg_image_animation=&#8221;none&#8221; border_type=&#8221;simple&#8221; column_border_width=&#8221;none&#8221; column_border_style=&#8221;solid&#8221; gradient_type=&#8221;default&#8221;][nectar_btn size=&#8221;jumbo&#8221; open_new_tab=&#8221;true&#8221; button_style=&#8221;regular&#8221; button_color_2=&#8221;Extra-Color-1&#8243; solid_text_color_override=&#8221;#ffffff&#8221; icon_family=&#8221;none&#8221; el_class=&#8221;full-size&#8221; text=&#8221;Comunicato stampa&#8221; url=&#8221;https:\/\/vonburencontemporary.com\/wp-content\/uploads\/2023\/11\/CS-Agostino-Rocco-_-Prudhon-and-more.docx&#8221;][nectar_btn size=&#8221;jumbo&#8221; open_new_tab=&#8221;true&#8221; button_style=&#8221;regular&#8221; button_color_2=&#8221;Extra-Color-1&#8243; solid_text_color_override=&#8221;#ffffff&#8221; icon_family=&#8221;none&#8221; el_class=&#8221;full-size&#8221; text=&#8221;Testo critico di Marta Span\u00f2&#8221; url=&#8221;https:\/\/vonburencontemporary.com\/wp-content\/uploads\/2023\/11\/Agostino-Rocco_Prudhon-and-more_testo-Marta-Spano.docx&#8221;][nectar_btn size=&#8221;jumbo&#8221; open_new_tab=&#8221;true&#8221; button_style=&#8221;regular&#8221; button_color_2=&#8221;Extra-Color-1&#8243; solid_text_color_override=&#8221;#ffffff&#8221; icon_family=&#8221;none&#8221; el_class=&#8221;full-size&#8221; text=&#8221;Price list&#8221; url=&#8221;https:\/\/vonburencontemporary.com\/wp-content\/uploads\/2023\/11\/Price-List_Agostino-Rocco_nov23.pdf&#8221;][\/vc_column_inner][\/vc_row_inner][vc_row_inner column_margin=&#8221;default&#8221; column_direction=&#8221;default&#8221; column_direction_tablet=&#8221;default&#8221; column_direction_phone=&#8221;default&#8221; top_padding=&#8221;30&#8243; text_align=&#8221;left&#8221; row_position=&#8221;default&#8221; row_position_tablet=&#8221;inherit&#8221; row_position_phone=&#8221;inherit&#8221; overflow=&#8221;visible&#8221; pointer_events=&#8221;all&#8221;][vc_column_inner column_padding=&#8221;no-extra-padding&#8221; column_padding_tablet=&#8221;inherit&#8221; column_padding_phone=&#8221;inherit&#8221; column_padding_position=&#8221;all&#8221; column_element_direction_desktop=&#8221;default&#8221; column_element_spacing=&#8221;default&#8221; desktop_text_alignment=&#8221;default&#8221; tablet_text_alignment=&#8221;default&#8221; phone_text_alignment=&#8221;default&#8221; background_color_opacity=&#8221;1&#8243; background_hover_color_opacity=&#8221;1&#8243; column_backdrop_filter=&#8221;none&#8221; column_shadow=&#8221;none&#8221; column_border_radius=&#8221;none&#8221; column_link_target=&#8221;_self&#8221; overflow=&#8221;visible&#8221; gradient_direction=&#8221;left_to_right&#8221; overlay_strength=&#8221;0.3&#8243; width=&#8221;1\/1&#8243; tablet_width_inherit=&#8221;default&#8221; animation_type=&#8221;default&#8221; bg_image_animation=&#8221;none&#8221; border_type=&#8221;simple&#8221; column_border_width=&#8221;none&#8221; column_border_style=&#8221;solid&#8221; column_padding_type=&#8221;default&#8221; gradient_type=&#8221;default&#8221;][vc_gallery type=&#8221;image_grid&#8221; images=&#8221;18685,18689,18691,18693,18695,18697,18699,18703&#8243; image_grid_loading=&#8221;default&#8221; layout=&#8221;3&#8243; masonry_style=&#8221;true&#8221; item_spacing=&#8221;default&#8221; gallery_style=&#8221;1&#8243; load_in_animation=&#8221;none&#8221; img_size=&#8221;900&#215;600&#8243;][vc_gallery type=&#8221;image_grid&#8221; images=&#8221;18705,18707,18709,18711,18715,18719,18721,18723,18725,18727,18729&#8243; image_grid_loading=&#8221;default&#8221; layout=&#8221;2&#8243; masonry_style=&#8221;true&#8221; item_spacing=&#8221;default&#8221; gallery_style=&#8221;1&#8243; load_in_animation=&#8221;none&#8221; img_size=&#8221;600&#215;600&#8243;][\/vc_column_inner][\/vc_row_inner][\/vc_column][\/vc_row][vc_row type=&#8221;in_container&#8221; full_screen_row_position=&#8221;middle&#8221; column_margin=&#8221;default&#8221; column_direction=&#8221;default&#8221; column_direction_tablet=&#8221;default&#8221; column_direction_phone=&#8221;default&#8221; scene_position=&#8221;center&#8221; text_color=&#8221;dark&#8221; text_align=&#8221;left&#8221; row_border_radius=&#8221;none&#8221; row_border_radius_applies=&#8221;bg&#8221; overflow=&#8221;visible&#8221; overlay_strength=&#8221;0.3&#8243; gradient_direction=&#8221;left_to_right&#8221; shape_divider_position=&#8221;bottom&#8221; bg_image_animation=&#8221;none&#8221;][vc_column column_padding=&#8221;no-extra-padding&#8221; column_padding_tablet=&#8221;inherit&#8221; column_padding_phone=&#8221;inherit&#8221; column_padding_position=&#8221;all&#8221; column_element_direction_desktop=&#8221;default&#8221; column_element_spacing=&#8221;default&#8221; desktop_text_alignment=&#8221;default&#8221; tablet_text_alignment=&#8221;default&#8221; phone_text_alignment=&#8221;default&#8221; background_color_opacity=&#8221;1&#8243; background_hover_color_opacity=&#8221;1&#8243; column_backdrop_filter=&#8221;none&#8221; column_shadow=&#8221;none&#8221; column_border_radius=&#8221;none&#8221; column_link_target=&#8221;_self&#8221; column_position=&#8221;default&#8221; gradient_direction=&#8221;left_to_right&#8221; overlay_strength=&#8221;0.3&#8243; width=&#8221;1\/1&#8243; tablet_width_inherit=&#8221;default&#8221; animation_type=&#8221;default&#8221; bg_image_animation=&#8221;none&#8221; border_type=&#8221;simple&#8221; column_border_width=&#8221;none&#8221; column_border_style=&#8221;solid&#8221;][nectar_text_inline_images media_type=&#8221;images&#8221; image_size=&#8221;medium&#8221; image_effect=&#8221;none&#8221; image_loading=&#8221;default&#8221;]\n<p style=\"text-align: center;\"><strong>Von Buren Contemporary <\/strong>presenta<\/p>\n<h2 style=\"text-align: center;\"><strong><em>Prud\u2019hon and more<\/em><\/strong><\/h2>\n<p style=\"text-align: center;\">mostra personale di<\/p>\n<h2 style=\"text-align: center;\"><strong>AGOSTINO ROCCO<\/strong><\/h2>\n<p style=\"text-align: center;\"><strong><em>Vernissage<\/em><\/strong><\/p>\n<p style=\"text-align: center;\"><strong>domenica 26 novembre 2023<\/strong><\/p>\n<p style=\"text-align: center;\"><strong>dalle 17:00 alle 21:00<\/strong><\/p>\n<p style=\"text-align: center;\"><strong>\u00a0<\/strong><\/p>\n<p style=\"text-align: center;\">Testo critico:<strong> Marta Span\u00f2<\/strong><\/p>\n<p style=\"text-align: center;\">Curatrice e organizzazione: <strong>Michele von B\u00fcren<\/strong><\/p>\n<p style=\"text-align: center;\">la mostra rester\u00e0 aperta fino al 6 dicembre<\/p>\n<p style=\"text-align: center;\">orari: 11:00-13:30 e 16:00-19:30; domenica e luned\u00ec su appuntamento<\/p>\n<p style=\"text-align: center;\"><strong>Von Buren Contemporary<\/strong><\/p>\n<p style=\"text-align: center;\">Via Giulia 13, 00186 Roma<\/p>\n<p><em>\u00a0<\/em>Von Buren Contemporary \u00e8 lieta di presentare <strong><em>Prud\u2019hon and more<\/em><\/strong>, la mostra personale di <strong>Agostino<\/strong> <strong>Rocco<\/strong>.<\/p>\n<p>Le creazioni tecnicamente abbaglianti di Rocco rientrano nella tradizione del ritratto, intrise di atmosfera storica e sobriet\u00e0. A un esame pi\u00f9 attento, per\u00f2, rivelano una vena sovversiva di umorismo e anacronismi inaspettati che servono a sconvolgere le nostre ipotesi pur rimanendo meravigliosamente seducenti. Rocco riesce cos\u00ec a planare tra due mondi, proponendo immagini classiche rivisitate in chiave moderna.<\/p>\n<p>Il cuore della mostra \u00e8 centrato su una serie di dipinti ispirati al <em>Portrait de jeune homme<\/em> del pittore Romantico francese Pierre-Paul Prud\u2019hon, che si trova al Louvre. Ricordando l\u2019ossessione di Francis Bacon per il <em>Ritratto di Innocenzo X<\/em> di Vel\u00e1quez, Rocco rielabora con insistenza l\u2019ammaliante lavoro di Prud\u2019hon in un ciclo di crescenti distorsioni che si discostano chiaramente dalla sua fonte pur omaggiandone l\u2019opera venerata.<\/p>\n<p><strong>Agostino Rocco<\/strong> \u00e8 nato a Padova nel 1971, citt\u00e0 in cui vive e lavora. Artista autodidatta, Rocco si \u00e8 dedicato allo studio della storia dell\u2019arte, in particolare all\u2019opera di quei maestri che sono diventati e rimangono una costante fonte di ispirazione: i grandi artisti toscani e fiamminghi del XV secolo, cos\u00ec come le scuole francesi e olandesi del XVII secolo.<\/p>\n<p>&nbsp;<\/p>\n<p><strong>Ufficio stampa<br \/>\n<\/strong>Alessandra Lenzi | <a href=\"mailto:alessandralenzi.press@gmail.com\">alessandralenzi.press@gmail.com<\/a><br \/>\nTel: (+39) 320 5621416[\/nectar_text_inline_images][\/vc_column][\/vc_row]\n","protected":false},"excerpt":{"rendered":"<p>[vc_row type=&#8221;in_container&#8221; full_screen_row_position=&#8221;middle&#8221; column_margin=&#8221;60px&#8221; column_direction=&#8221;default&#8221; column_direction_tablet=&#8221;default&#8221; column_direction_phone=&#8221;default&#8221; scene_position=&#8221;center&#8221; text_color=&#8221;dark&#8221; text_align=&#8221;left&#8221; row_border_radius=&#8221;none&#8221; row_border_radius_applies=&#8221;bg&#8221; overflow=&#8221;visible&#8221; advanced_gradient_angle=&#8221;0&#8243; overlay_strength=&#8221;0.3&#8243; gradient_direction=&#8221;left_to_right&#8221; shape_divider_position=&#8221;bottom&#8221; bg_image_animation=&#8221;none&#8221; gradient_type=&#8221;default&#8221; shape_type=&#8221;&#8221;][vc_column column_padding=&#8221;no-extra-padding&#8221; column_padding_tablet=&#8221;inherit&#8221; column_padding_phone=&#8221;inherit&#8221; column_padding_position=&#8221;all&#8221; column_element_direction_desktop=&#8221;default&#8221; column_element_spacing=&#8221;default&#8221; desktop_text_alignment=&#8221;default&#8221; tablet_text_alignment=&#8221;default&#8221; phone_text_alignment=&#8221;default&#8221; background_color_opacity=&#8221;1&#8243;&#8230;<\/p>\n","protected":false},"author":4,"featured_media":19278,"comment_status":"closed","ping_status":"closed","sticky":false,"template":"","format":"standard","meta":{"_jetpack_memberships_contains_paid_content":false,"footnotes":""},"categories":[417],"tags":[],"class_list":{"0":"post-18732","1":"post","2":"type-post","3":"status-publish","4":"format-standard","5":"has-post-thumbnail","7":"category-2023-it"},"yoast_head":"<!-- This site is optimized with the Yoast SEO plugin v27.5 - https:\/\/yoast.com\/product\/yoast-seo-wordpress\/ -->\n<title>Rocco | Prud&#039;hon and more | Novembre 2023 | Von Buren Contemporary<\/title>\n<meta name=\"description\" content=\"Prud&#039;hon and more POP UP event presenting the Italian Artist Agostino Rocco. 13-14-15 october 2023 at Von Buren Contemporary\" \/>\n<meta name=\"robots\" content=\"index, follow, max-snippet:-1, max-image-preview:large, max-video-preview:-1\" \/>\n<link rel=\"canonical\" href=\"https:\/\/vonburencontemporary.com\/it\/rocco-prudhon-and-more-13-14-15-october-2023\/\" \/>\n<meta property=\"og:locale\" content=\"it_IT\" \/>\n<meta property=\"og:type\" content=\"article\" \/>\n<meta property=\"og:title\" content=\"Rocco | Prud&#039;hon and more | Novembre 2023 | Von Buren Contemporary\" \/>\n<meta property=\"og:description\" content=\"Prud&#039;hon and more POP UP event presenting the Italian Artist Agostino Rocco. 13-14-15 october 2023 at Von Buren Contemporary\" \/>\n<meta property=\"og:url\" content=\"https:\/\/vonburencontemporary.com\/it\/rocco-prudhon-and-more-13-14-15-october-2023\/\" \/>\n<meta property=\"og:site_name\" content=\"Von Buren Contemporary\" \/>\n<meta property=\"article:published_time\" content=\"2023-10-18T14:42:10+00:00\" \/>\n<meta property=\"article:modified_time\" content=\"2023-11-23T11:13:51+00:00\" \/>\n<meta property=\"og:image\" content=\"https:\/\/vonburencontemporary.com\/wp-content\/uploads\/2023\/10\/Invito-Agostino-Rocco_Prudhon-and-more_26-Novembre.jpg\" \/>\n\t<meta property=\"og:image:width\" content=\"1500\" \/>\n\t<meta property=\"og:image:height\" content=\"1600\" \/>\n\t<meta property=\"og:image:type\" content=\"image\/jpeg\" \/>\n<meta name=\"author\" content=\"Sofia\" \/>\n<meta name=\"twitter:card\" content=\"summary_large_image\" \/>\n<meta name=\"twitter:label1\" content=\"Scritto da\" \/>\n\t<meta name=\"twitter:data1\" content=\"Sofia\" \/>\n\t<meta name=\"twitter:label2\" content=\"Tempo di lettura stimato\" \/>\n\t<meta name=\"twitter:data2\" content=\"3 minuti\" \/>\n<script type=\"application\/ld+json\" class=\"yoast-schema-graph\">{\"@context\":\"https:\\\/\\\/schema.org\",\"@graph\":[{\"@type\":\"Article\",\"@id\":\"https:\\\/\\\/vonburencontemporary.com\\\/it\\\/rocco-prudhon-and-more-13-14-15-october-2023\\\/#article\",\"isPartOf\":{\"@id\":\"https:\\\/\\\/vonburencontemporary.com\\\/it\\\/rocco-prudhon-and-more-13-14-15-october-2023\\\/\"},\"author\":{\"name\":\"Sofia\",\"@id\":\"https:\\\/\\\/vonburencontemporary.com\\\/it\\\/#\\\/schema\\\/person\\\/42a365846f220efe3dbfb802ac7860bc\"},\"headline\":\"Rocco | Prud&#8217;hon and more | Novembre 2023\",\"datePublished\":\"2023-10-18T14:42:10+00:00\",\"dateModified\":\"2023-11-23T11:13:51+00:00\",\"mainEntityOfPage\":{\"@id\":\"https:\\\/\\\/vonburencontemporary.com\\\/it\\\/rocco-prudhon-and-more-13-14-15-october-2023\\\/\"},\"wordCount\":1403,\"publisher\":{\"@id\":\"https:\\\/\\\/vonburencontemporary.com\\\/it\\\/#organization\"},\"image\":{\"@id\":\"https:\\\/\\\/vonburencontemporary.com\\\/it\\\/rocco-prudhon-and-more-13-14-15-october-2023\\\/#primaryimage\"},\"thumbnailUrl\":\"https:\\\/\\\/vonburencontemporary.com\\\/wp-content\\\/uploads\\\/2023\\\/10\\\/Invito-Agostino-Rocco_Prudhon-and-more_26-Novembre.jpg\",\"articleSection\":[\"2023\"],\"inLanguage\":\"it-IT\"},{\"@type\":\"WebPage\",\"@id\":\"https:\\\/\\\/vonburencontemporary.com\\\/it\\\/rocco-prudhon-and-more-13-14-15-october-2023\\\/\",\"url\":\"https:\\\/\\\/vonburencontemporary.com\\\/it\\\/rocco-prudhon-and-more-13-14-15-october-2023\\\/\",\"name\":\"Rocco | Prud'hon and more | Novembre 2023 | Von Buren Contemporary\",\"isPartOf\":{\"@id\":\"https:\\\/\\\/vonburencontemporary.com\\\/it\\\/#website\"},\"primaryImageOfPage\":{\"@id\":\"https:\\\/\\\/vonburencontemporary.com\\\/it\\\/rocco-prudhon-and-more-13-14-15-october-2023\\\/#primaryimage\"},\"image\":{\"@id\":\"https:\\\/\\\/vonburencontemporary.com\\\/it\\\/rocco-prudhon-and-more-13-14-15-october-2023\\\/#primaryimage\"},\"thumbnailUrl\":\"https:\\\/\\\/vonburencontemporary.com\\\/wp-content\\\/uploads\\\/2023\\\/10\\\/Invito-Agostino-Rocco_Prudhon-and-more_26-Novembre.jpg\",\"datePublished\":\"2023-10-18T14:42:10+00:00\",\"dateModified\":\"2023-11-23T11:13:51+00:00\",\"description\":\"Prud'hon and more POP UP event presenting the Italian Artist Agostino Rocco. 13-14-15 october 2023 at Von Buren Contemporary\",\"breadcrumb\":{\"@id\":\"https:\\\/\\\/vonburencontemporary.com\\\/it\\\/rocco-prudhon-and-more-13-14-15-october-2023\\\/#breadcrumb\"},\"inLanguage\":\"it-IT\",\"potentialAction\":[{\"@type\":\"ReadAction\",\"target\":[\"https:\\\/\\\/vonburencontemporary.com\\\/it\\\/rocco-prudhon-and-more-13-14-15-october-2023\\\/\"]}]},{\"@type\":\"ImageObject\",\"inLanguage\":\"it-IT\",\"@id\":\"https:\\\/\\\/vonburencontemporary.com\\\/it\\\/rocco-prudhon-and-more-13-14-15-october-2023\\\/#primaryimage\",\"url\":\"https:\\\/\\\/vonburencontemporary.com\\\/wp-content\\\/uploads\\\/2023\\\/10\\\/Invito-Agostino-Rocco_Prudhon-and-more_26-Novembre.jpg\",\"contentUrl\":\"https:\\\/\\\/vonburencontemporary.com\\\/wp-content\\\/uploads\\\/2023\\\/10\\\/Invito-Agostino-Rocco_Prudhon-and-more_26-Novembre.jpg\",\"width\":1500,\"height\":1600,\"caption\":\"agostino rocco, art gallery in rome\"},{\"@type\":\"BreadcrumbList\",\"@id\":\"https:\\\/\\\/vonburencontemporary.com\\\/it\\\/rocco-prudhon-and-more-13-14-15-october-2023\\\/#breadcrumb\",\"itemListElement\":[{\"@type\":\"ListItem\",\"position\":1,\"name\":\"Home\",\"item\":\"https:\\\/\\\/vonburencontemporary.com\\\/it\\\/\"},{\"@type\":\"ListItem\",\"position\":2,\"name\":\"Rocco | Prud&#8217;hon and more | Novembre 2023\"}]},{\"@type\":\"WebSite\",\"@id\":\"https:\\\/\\\/vonburencontemporary.com\\\/it\\\/#website\",\"url\":\"https:\\\/\\\/vonburencontemporary.com\\\/it\\\/\",\"name\":\"Von Buren Contemporary\",\"description\":\"\",\"publisher\":{\"@id\":\"https:\\\/\\\/vonburencontemporary.com\\\/it\\\/#organization\"},\"potentialAction\":[{\"@type\":\"SearchAction\",\"target\":{\"@type\":\"EntryPoint\",\"urlTemplate\":\"https:\\\/\\\/vonburencontemporary.com\\\/it\\\/?s={search_term_string}\"},\"query-input\":{\"@type\":\"PropertyValueSpecification\",\"valueRequired\":true,\"valueName\":\"search_term_string\"}}],\"inLanguage\":\"it-IT\"},{\"@type\":\"Organization\",\"@id\":\"https:\\\/\\\/vonburencontemporary.com\\\/it\\\/#organization\",\"name\":\"Von Buren Contemporary\",\"url\":\"https:\\\/\\\/vonburencontemporary.com\\\/it\\\/\",\"logo\":{\"@type\":\"ImageObject\",\"inLanguage\":\"it-IT\",\"@id\":\"https:\\\/\\\/vonburencontemporary.com\\\/it\\\/#\\\/schema\\\/logo\\\/image\\\/\",\"url\":\"https:\\\/\\\/vonburencontemporary.com\\\/wp-content\\\/uploads\\\/2022\\\/03\\\/VBC-Logo-Colour.png\",\"contentUrl\":\"https:\\\/\\\/vonburencontemporary.com\\\/wp-content\\\/uploads\\\/2022\\\/03\\\/VBC-Logo-Colour.png\",\"width\":222,\"height\":216,\"caption\":\"Von Buren Contemporary\"},\"image\":{\"@id\":\"https:\\\/\\\/vonburencontemporary.com\\\/it\\\/#\\\/schema\\\/logo\\\/image\\\/\"},\"sameAs\":[\"https:\\\/\\\/www.instagram.com\\\/vonburen.contemporary\\\/\"]},{\"@type\":\"Person\",\"@id\":\"https:\\\/\\\/vonburencontemporary.com\\\/it\\\/#\\\/schema\\\/person\\\/42a365846f220efe3dbfb802ac7860bc\",\"name\":\"Sofia\",\"image\":{\"@type\":\"ImageObject\",\"inLanguage\":\"it-IT\",\"@id\":\"https:\\\/\\\/secure.gravatar.com\\\/avatar\\\/1af06f18e0117880332de320e72573d2053ea4a94599ee83beb1122cce08a78b?s=96&d=mm&r=g\",\"url\":\"https:\\\/\\\/secure.gravatar.com\\\/avatar\\\/1af06f18e0117880332de320e72573d2053ea4a94599ee83beb1122cce08a78b?s=96&d=mm&r=g\",\"contentUrl\":\"https:\\\/\\\/secure.gravatar.com\\\/avatar\\\/1af06f18e0117880332de320e72573d2053ea4a94599ee83beb1122cce08a78b?s=96&d=mm&r=g\",\"caption\":\"Sofia\"},\"url\":\"https:\\\/\\\/vonburencontemporary.com\\\/it\\\/author\\\/sofia\\\/\"}]}<\/script>\n<!-- \/ Yoast SEO plugin. -->","yoast_head_json":{"title":"Rocco | Prud'hon and more | Novembre 2023 | Von Buren Contemporary","description":"Prud'hon and more POP UP event presenting the Italian Artist Agostino Rocco. 13-14-15 october 2023 at Von Buren Contemporary","robots":{"index":"index","follow":"follow","max-snippet":"max-snippet:-1","max-image-preview":"max-image-preview:large","max-video-preview":"max-video-preview:-1"},"canonical":"https:\/\/vonburencontemporary.com\/it\/rocco-prudhon-and-more-13-14-15-october-2023\/","og_locale":"it_IT","og_type":"article","og_title":"Rocco | Prud'hon and more | Novembre 2023 | Von Buren Contemporary","og_description":"Prud'hon and more POP UP event presenting the Italian Artist Agostino Rocco. 13-14-15 october 2023 at Von Buren Contemporary","og_url":"https:\/\/vonburencontemporary.com\/it\/rocco-prudhon-and-more-13-14-15-october-2023\/","og_site_name":"Von Buren Contemporary","article_published_time":"2023-10-18T14:42:10+00:00","article_modified_time":"2023-11-23T11:13:51+00:00","og_image":[{"width":1500,"height":1600,"url":"https:\/\/vonburencontemporary.com\/wp-content\/uploads\/2023\/10\/Invito-Agostino-Rocco_Prudhon-and-more_26-Novembre.jpg","type":"image\/jpeg"}],"author":"Sofia","twitter_card":"summary_large_image","twitter_misc":{"Scritto da":"Sofia","Tempo di lettura stimato":"3 minuti"},"schema":{"@context":"https:\/\/schema.org","@graph":[{"@type":"Article","@id":"https:\/\/vonburencontemporary.com\/it\/rocco-prudhon-and-more-13-14-15-october-2023\/#article","isPartOf":{"@id":"https:\/\/vonburencontemporary.com\/it\/rocco-prudhon-and-more-13-14-15-october-2023\/"},"author":{"name":"Sofia","@id":"https:\/\/vonburencontemporary.com\/it\/#\/schema\/person\/42a365846f220efe3dbfb802ac7860bc"},"headline":"Rocco | Prud&#8217;hon and more | Novembre 2023","datePublished":"2023-10-18T14:42:10+00:00","dateModified":"2023-11-23T11:13:51+00:00","mainEntityOfPage":{"@id":"https:\/\/vonburencontemporary.com\/it\/rocco-prudhon-and-more-13-14-15-october-2023\/"},"wordCount":1403,"publisher":{"@id":"https:\/\/vonburencontemporary.com\/it\/#organization"},"image":{"@id":"https:\/\/vonburencontemporary.com\/it\/rocco-prudhon-and-more-13-14-15-october-2023\/#primaryimage"},"thumbnailUrl":"https:\/\/vonburencontemporary.com\/wp-content\/uploads\/2023\/10\/Invito-Agostino-Rocco_Prudhon-and-more_26-Novembre.jpg","articleSection":["2023"],"inLanguage":"it-IT"},{"@type":"WebPage","@id":"https:\/\/vonburencontemporary.com\/it\/rocco-prudhon-and-more-13-14-15-october-2023\/","url":"https:\/\/vonburencontemporary.com\/it\/rocco-prudhon-and-more-13-14-15-october-2023\/","name":"Rocco | Prud'hon and more | Novembre 2023 | Von Buren Contemporary","isPartOf":{"@id":"https:\/\/vonburencontemporary.com\/it\/#website"},"primaryImageOfPage":{"@id":"https:\/\/vonburencontemporary.com\/it\/rocco-prudhon-and-more-13-14-15-october-2023\/#primaryimage"},"image":{"@id":"https:\/\/vonburencontemporary.com\/it\/rocco-prudhon-and-more-13-14-15-october-2023\/#primaryimage"},"thumbnailUrl":"https:\/\/vonburencontemporary.com\/wp-content\/uploads\/2023\/10\/Invito-Agostino-Rocco_Prudhon-and-more_26-Novembre.jpg","datePublished":"2023-10-18T14:42:10+00:00","dateModified":"2023-11-23T11:13:51+00:00","description":"Prud'hon and more POP UP event presenting the Italian Artist Agostino Rocco. 13-14-15 october 2023 at Von Buren Contemporary","breadcrumb":{"@id":"https:\/\/vonburencontemporary.com\/it\/rocco-prudhon-and-more-13-14-15-october-2023\/#breadcrumb"},"inLanguage":"it-IT","potentialAction":[{"@type":"ReadAction","target":["https:\/\/vonburencontemporary.com\/it\/rocco-prudhon-and-more-13-14-15-october-2023\/"]}]},{"@type":"ImageObject","inLanguage":"it-IT","@id":"https:\/\/vonburencontemporary.com\/it\/rocco-prudhon-and-more-13-14-15-october-2023\/#primaryimage","url":"https:\/\/vonburencontemporary.com\/wp-content\/uploads\/2023\/10\/Invito-Agostino-Rocco_Prudhon-and-more_26-Novembre.jpg","contentUrl":"https:\/\/vonburencontemporary.com\/wp-content\/uploads\/2023\/10\/Invito-Agostino-Rocco_Prudhon-and-more_26-Novembre.jpg","width":1500,"height":1600,"caption":"agostino rocco, art gallery in rome"},{"@type":"BreadcrumbList","@id":"https:\/\/vonburencontemporary.com\/it\/rocco-prudhon-and-more-13-14-15-october-2023\/#breadcrumb","itemListElement":[{"@type":"ListItem","position":1,"name":"Home","item":"https:\/\/vonburencontemporary.com\/it\/"},{"@type":"ListItem","position":2,"name":"Rocco | Prud&#8217;hon and more | Novembre 2023"}]},{"@type":"WebSite","@id":"https:\/\/vonburencontemporary.com\/it\/#website","url":"https:\/\/vonburencontemporary.com\/it\/","name":"Von Buren Contemporary","description":"","publisher":{"@id":"https:\/\/vonburencontemporary.com\/it\/#organization"},"potentialAction":[{"@type":"SearchAction","target":{"@type":"EntryPoint","urlTemplate":"https:\/\/vonburencontemporary.com\/it\/?s={search_term_string}"},"query-input":{"@type":"PropertyValueSpecification","valueRequired":true,"valueName":"search_term_string"}}],"inLanguage":"it-IT"},{"@type":"Organization","@id":"https:\/\/vonburencontemporary.com\/it\/#organization","name":"Von Buren Contemporary","url":"https:\/\/vonburencontemporary.com\/it\/","logo":{"@type":"ImageObject","inLanguage":"it-IT","@id":"https:\/\/vonburencontemporary.com\/it\/#\/schema\/logo\/image\/","url":"https:\/\/vonburencontemporary.com\/wp-content\/uploads\/2022\/03\/VBC-Logo-Colour.png","contentUrl":"https:\/\/vonburencontemporary.com\/wp-content\/uploads\/2022\/03\/VBC-Logo-Colour.png","width":222,"height":216,"caption":"Von Buren Contemporary"},"image":{"@id":"https:\/\/vonburencontemporary.com\/it\/#\/schema\/logo\/image\/"},"sameAs":["https:\/\/www.instagram.com\/vonburen.contemporary\/"]},{"@type":"Person","@id":"https:\/\/vonburencontemporary.com\/it\/#\/schema\/person\/42a365846f220efe3dbfb802ac7860bc","name":"Sofia","image":{"@type":"ImageObject","inLanguage":"it-IT","@id":"https:\/\/secure.gravatar.com\/avatar\/1af06f18e0117880332de320e72573d2053ea4a94599ee83beb1122cce08a78b?s=96&d=mm&r=g","url":"https:\/\/secure.gravatar.com\/avatar\/1af06f18e0117880332de320e72573d2053ea4a94599ee83beb1122cce08a78b?s=96&d=mm&r=g","contentUrl":"https:\/\/secure.gravatar.com\/avatar\/1af06f18e0117880332de320e72573d2053ea4a94599ee83beb1122cce08a78b?s=96&d=mm&r=g","caption":"Sofia"},"url":"https:\/\/vonburencontemporary.com\/it\/author\/sofia\/"}]}},"jetpack_featured_media_url":"https:\/\/vonburencontemporary.com\/wp-content\/uploads\/2023\/10\/Invito-Agostino-Rocco_Prudhon-and-more_26-Novembre.jpg","jetpack_sharing_enabled":true,"_links":{"self":[{"href":"https:\/\/vonburencontemporary.com\/it\/wp-json\/wp\/v2\/posts\/18732","targetHints":{"allow":["GET"]}}],"collection":[{"href":"https:\/\/vonburencontemporary.com\/it\/wp-json\/wp\/v2\/posts"}],"about":[{"href":"https:\/\/vonburencontemporary.com\/it\/wp-json\/wp\/v2\/types\/post"}],"author":[{"embeddable":true,"href":"https:\/\/vonburencontemporary.com\/it\/wp-json\/wp\/v2\/users\/4"}],"replies":[{"embeddable":true,"href":"https:\/\/vonburencontemporary.com\/it\/wp-json\/wp\/v2\/comments?post=18732"}],"version-history":[{"count":0,"href":"https:\/\/vonburencontemporary.com\/it\/wp-json\/wp\/v2\/posts\/18732\/revisions"}],"wp:featuredmedia":[{"embeddable":true,"href":"https:\/\/vonburencontemporary.com\/it\/wp-json\/wp\/v2\/media\/19278"}],"wp:attachment":[{"href":"https:\/\/vonburencontemporary.com\/it\/wp-json\/wp\/v2\/media?parent=18732"}],"wp:term":[{"taxonomy":"category","embeddable":true,"href":"https:\/\/vonburencontemporary.com\/it\/wp-json\/wp\/v2\/categories?post=18732"},{"taxonomy":"post_tag","embeddable":true,"href":"https:\/\/vonburencontemporary.com\/it\/wp-json\/wp\/v2\/tags?post=18732"}],"curies":[{"name":"wp","href":"https:\/\/api.w.org\/{rel}","templated":true}]}}