{"id":19345,"date":"2023-11-28T15:51:41","date_gmt":"2023-11-28T15:51:41","guid":{"rendered":"https:\/\/vonburencontemporary.com\/the-grand-tour-december-2023\/"},"modified":"2024-01-18T15:28:35","modified_gmt":"2024-01-18T15:28:35","slug":"the-grand-tour-december-2023","status":"publish","type":"post","link":"https:\/\/vonburencontemporary.com\/it\/the-grand-tour-december-2023\/","title":{"rendered":"The Grand Tour | Dicembre 2023"},"content":{"rendered":"[vc_row type=&#8221;in_container&#8221; full_screen_row_position=&#8221;middle&#8221; column_margin=&#8221;60px&#8221; column_direction=&#8221;default&#8221; column_direction_tablet=&#8221;default&#8221; column_direction_phone=&#8221;default&#8221; scene_position=&#8221;center&#8221; text_color=&#8221;dark&#8221; text_align=&#8221;left&#8221; row_border_radius=&#8221;none&#8221; row_border_radius_applies=&#8221;bg&#8221; overflow=&#8221;visible&#8221; advanced_gradient_angle=&#8221;0&#8243; overlay_strength=&#8221;0.3&#8243; gradient_direction=&#8221;left_to_right&#8221; shape_divider_position=&#8221;bottom&#8221; bg_image_animation=&#8221;none&#8221; gradient_type=&#8221;default&#8221; shape_type=&#8221;&#8221;][vc_column column_padding=&#8221;no-extra-padding&#8221; column_padding_tablet=&#8221;inherit&#8221; column_padding_phone=&#8221;inherit&#8221; column_padding_position=&#8221;all&#8221; column_element_direction_desktop=&#8221;default&#8221; column_element_spacing=&#8221;default&#8221; desktop_text_alignment=&#8221;default&#8221; tablet_text_alignment=&#8221;default&#8221; phone_text_alignment=&#8221;default&#8221; background_color_opacity=&#8221;1&#8243; background_hover_color_opacity=&#8221;1&#8243; column_backdrop_filter=&#8221;none&#8221; column_shadow=&#8221;none&#8221; column_border_radius=&#8221;none&#8221; column_link_target=&#8221;_self&#8221; column_position=&#8221;default&#8221; gradient_direction=&#8221;left_to_right&#8221; overlay_strength=&#8221;0.3&#8243; width=&#8221;1\/1&#8243; tablet_width_inherit=&#8221;default&#8221; animation_type=&#8221;default&#8221; bg_image_animation=&#8221;none&#8221; border_type=&#8221;simple&#8221; column_border_width=&#8221;none&#8221; column_border_style=&#8221;solid&#8221;][vc_row_inner column_margin=&#8221;default&#8221; column_direction=&#8221;default&#8221; column_direction_tablet=&#8221;default&#8221; column_direction_phone=&#8221;default&#8221; text_align=&#8221;left&#8221; row_position=&#8221;default&#8221; row_position_tablet=&#8221;inherit&#8221; row_position_phone=&#8221;inherit&#8221; overflow=&#8221;visible&#8221; pointer_events=&#8221;all&#8221;][vc_column_inner column_padding=&#8221;no-extra-padding&#8221; column_padding_tablet=&#8221;inherit&#8221; column_padding_phone=&#8221;inherit&#8221; column_padding_position=&#8221;all&#8221; column_element_direction_desktop=&#8221;default&#8221; column_element_spacing=&#8221;default&#8221; centered_text=&#8221;true&#8221; desktop_text_alignment=&#8221;default&#8221; tablet_text_alignment=&#8221;default&#8221; phone_text_alignment=&#8221;default&#8221; background_color_opacity=&#8221;1&#8243; background_hover_color_opacity=&#8221;1&#8243; column_backdrop_filter=&#8221;none&#8221; column_shadow=&#8221;none&#8221; column_border_radius=&#8221;none&#8221; column_link_target=&#8221;_self&#8221; overflow=&#8221;visible&#8221; advanced_gradient_angle=&#8221;0&#8243; gradient_direction=&#8221;left_to_right&#8221; overlay_strength=&#8221;0.3&#8243; width=&#8221;1\/1&#8243; tablet_width_inherit=&#8221;default&#8221; animation_type=&#8221;default&#8221; bg_image_animation=&#8221;none&#8221; border_type=&#8221;simple&#8221; column_border_width=&#8221;none&#8221; column_border_style=&#8221;solid&#8221; gradient_type=&#8221;default&#8221;][image_with_animation image_url=&#8221;19327&#8243; image_size=&#8221;medium_featured&#8221; animation_type=&#8221;entrance&#8221; animation=&#8221;Fade In&#8221; animation_easing=&#8221;default&#8221; animation_movement_type=&#8221;transform_y&#8221; hover_animation=&#8221;none&#8221; alignment=&#8221;&#8221; border_radius=&#8221;none&#8221; box_shadow=&#8221;none&#8221; image_loading=&#8221;default&#8221; max_width=&#8221;100%&#8221; max_width_mobile=&#8221;default&#8221;][\/vc_column_inner][\/vc_row_inner][divider line_type=&#8221;No Line&#8221; custom_height=&#8221;15&#8243;][vc_row_inner equal_height=&#8221;yes&#8221; content_placement=&#8221;middle&#8221; column_margin=&#8221;default&#8221; column_direction=&#8221;default&#8221; column_direction_tablet=&#8221;default&#8221; column_direction_phone=&#8221;default&#8221; text_align=&#8221;left&#8221; row_position=&#8221;default&#8221; row_position_tablet=&#8221;inherit&#8221; row_position_phone=&#8221;inherit&#8221; overflow=&#8221;visible&#8221; pointer_events=&#8221;all&#8221;][vc_column_inner column_padding=&#8221;no-extra-padding&#8221; column_padding_tablet=&#8221;inherit&#8221; column_padding_phone=&#8221;inherit&#8221; column_padding_position=&#8221;all&#8221; column_element_direction_desktop=&#8221;default&#8221; column_element_spacing=&#8221;default&#8221; desktop_text_alignment=&#8221;default&#8221; tablet_text_alignment=&#8221;default&#8221; phone_text_alignment=&#8221;default&#8221; background_color_opacity=&#8221;1&#8243; background_hover_color_opacity=&#8221;1&#8243; column_backdrop_filter=&#8221;none&#8221; column_shadow=&#8221;none&#8221; column_border_radius=&#8221;none&#8221; column_link_target=&#8221;_self&#8221; overflow=&#8221;visible&#8221; gradient_direction=&#8221;left_to_right&#8221; overlay_strength=&#8221;0.3&#8243; width=&#8221;2\/3&#8243; tablet_width_inherit=&#8221;default&#8221; animation_type=&#8221;default&#8221; bg_image_animation=&#8221;none&#8221; border_type=&#8221;simple&#8221; column_border_width=&#8221;none&#8221; column_border_style=&#8221;solid&#8221;][vc_column_text]\n<div id=\"comp-l08crjji\" class=\"_1Q9if\" data-testid=\"richTextElement\">\n<h3 class=\"font_8\"><span class=\"color_14\">INFO<\/span><\/h3>\n<\/div>\n[\/vc_column_text][vc_column_text]\n<div id=\"comp-l08crjji\" class=\"_1Q9if\" data-testid=\"richTextElement\"><i>The Grand Tour, <\/i>Mostra collettiva di Natale<\/div>\n<div id=\"comp-l08crjjo\" class=\"_2Hij5\" data-testid=\"richTextElement\">\n<p><strong>Vernissage:<\/strong> Domenica 10 Dicembre , 2023,\u00a0 17:00 &#8211; 22:00<\/p>\n<p>Dal 10 dicembre al 31 gennaio 2024<\/p>\n<\/div>\n<p>&nbsp;<\/p>\n<p><strong>Von Buren Contemporary<\/strong><br \/>\nVia Giulia 13<br \/>\n00186 Rome[\/vc_column_text][\/vc_column_inner][vc_column_inner column_padding=&#8221;padding-2-percent&#8221; column_padding_tablet=&#8221;inherit&#8221; column_padding_phone=&#8221;inherit&#8221; column_padding_position=&#8221;top&#8221; column_element_direction_desktop=&#8221;default&#8221; column_element_spacing=&#8221;default&#8221; centered_text=&#8221;true&#8221; desktop_text_alignment=&#8221;default&#8221; tablet_text_alignment=&#8221;default&#8221; phone_text_alignment=&#8221;default&#8221; background_color_opacity=&#8221;1&#8243; background_hover_color_opacity=&#8221;1&#8243; column_backdrop_filter=&#8221;none&#8221; column_shadow=&#8221;none&#8221; column_border_radius=&#8221;none&#8221; column_link_target=&#8221;_self&#8221; overflow=&#8221;visible&#8221; advanced_gradient_angle=&#8221;0&#8243; gradient_direction=&#8221;left_to_right&#8221; overlay_strength=&#8221;0.3&#8243; width=&#8221;1\/3&#8243; tablet_width_inherit=&#8221;default&#8221; animation_type=&#8221;default&#8221; bg_image_animation=&#8221;none&#8221; border_type=&#8221;simple&#8221; column_border_width=&#8221;none&#8221; column_border_style=&#8221;solid&#8221; gradient_type=&#8221;default&#8221;][nectar_btn size=&#8221;jumbo&#8221; open_new_tab=&#8221;true&#8221; button_style=&#8221;regular&#8221; button_color_2=&#8221;Extra-Color-1&#8243; solid_text_color_override=&#8221;#ffffff&#8221; icon_family=&#8221;none&#8221; el_class=&#8221;full-size&#8221; text=&#8221;Testo di Raffaele Milani&#8221; url=&#8221;https:\/\/vonburencontemporary.com\/wp-content\/uploads\/2023\/12\/Grand-Tour-testo-Raffaele-Milani.docx&#8221;][nectar_btn size=&#8221;jumbo&#8221; open_new_tab=&#8221;true&#8221; button_style=&#8221;regular&#8221; button_color_2=&#8221;Extra-Color-1&#8243; solid_text_color_override=&#8221;#ffffff&#8221; icon_family=&#8221;none&#8221; el_class=&#8221;full-size&#8221; text=&#8221;Press Release&#8221; url=&#8221;https:\/\/vonburencontemporary.com\/wp-content\/uploads\/2023\/11\/CS-DEF-The-Grand-Tour_-10-dicembre.docx&#8221;][nectar_btn size=&#8221;jumbo&#8221; open_new_tab=&#8221;true&#8221; button_style=&#8221;regular&#8221; button_color_2=&#8221;Extra-Color-1&#8243; solid_text_color_override=&#8221;#ffffff&#8221; icon_family=&#8221;none&#8221; el_class=&#8221;full-size&#8221; text=&#8221;Price List&#8221; url=&#8221;https:\/\/vonburencontemporary.com\/wp-content\/uploads\/2024\/01\/Price-List_The-Grand-Tour_Dic23_compressed.pdf&#8221;][\/vc_column_inner][\/vc_row_inner][vc_row_inner column_margin=&#8221;default&#8221; column_direction=&#8221;default&#8221; column_direction_tablet=&#8221;default&#8221; column_direction_phone=&#8221;default&#8221; top_padding=&#8221;30&#8243; text_align=&#8221;left&#8221; row_position=&#8221;default&#8221; row_position_tablet=&#8221;inherit&#8221; row_position_phone=&#8221;inherit&#8221; overflow=&#8221;visible&#8221; pointer_events=&#8221;all&#8221;][vc_column_inner column_padding=&#8221;no-extra-padding&#8221; column_padding_tablet=&#8221;inherit&#8221; column_padding_phone=&#8221;inherit&#8221; column_padding_position=&#8221;all&#8221; column_element_direction_desktop=&#8221;default&#8221; column_element_spacing=&#8221;default&#8221; desktop_text_alignment=&#8221;default&#8221; tablet_text_alignment=&#8221;default&#8221; phone_text_alignment=&#8221;default&#8221; background_color_opacity=&#8221;1&#8243; background_hover_color_opacity=&#8221;1&#8243; column_backdrop_filter=&#8221;none&#8221; column_shadow=&#8221;none&#8221; column_border_radius=&#8221;none&#8221; column_link_target=&#8221;_self&#8221; overflow=&#8221;visible&#8221; gradient_direction=&#8221;left_to_right&#8221; overlay_strength=&#8221;0.3&#8243; width=&#8221;1\/1&#8243; tablet_width_inherit=&#8221;default&#8221; animation_type=&#8221;default&#8221; bg_image_animation=&#8221;none&#8221; border_type=&#8221;simple&#8221; column_border_width=&#8221;none&#8221; column_border_style=&#8221;solid&#8221; column_padding_type=&#8221;default&#8221; gradient_type=&#8221;default&#8221;][vc_gallery type=&#8221;image_grid&#8221; images=&#8221;20001,20005,20003,20007,20009,20011,20015,20017,20021,20025,20023,20027,20029,20033,20035,20031,20039,20045,19971,19973,19999,19997,19975,19977,19979,19981,19983,19995,19991,19989,19985,19987,20043,20041,20019&#8243; image_grid_loading=&#8221;default&#8221; layout=&#8221;3&#8243; masonry_style=&#8221;true&#8221; bypass_image_cropping=&#8221;true&#8221; item_spacing=&#8221;default&#8221; gallery_style=&#8221;1&#8243; load_in_animation=&#8221;none&#8221; img_size=&#8221;800&#215;800&#8243;][vc_video link=&#8221;https:\/\/www.youtube.com\/watch?v=PQjuvoxuqkg&amp;ab_channel=playrecproduction&#8221; align=&#8221;center&#8221;][\/vc_column_inner][\/vc_row_inner][\/vc_column][\/vc_row][vc_row type=&#8221;in_container&#8221; full_screen_row_position=&#8221;middle&#8221; column_margin=&#8221;default&#8221; column_direction=&#8221;default&#8221; column_direction_tablet=&#8221;default&#8221; column_direction_phone=&#8221;default&#8221; scene_position=&#8221;center&#8221; text_color=&#8221;dark&#8221; text_align=&#8221;left&#8221; row_border_radius=&#8221;none&#8221; row_border_radius_applies=&#8221;bg&#8221; overflow=&#8221;visible&#8221; overlay_strength=&#8221;0.3&#8243; gradient_direction=&#8221;left_to_right&#8221; shape_divider_position=&#8221;bottom&#8221; bg_image_animation=&#8221;none&#8221;][vc_column column_padding=&#8221;no-extra-padding&#8221; column_padding_tablet=&#8221;inherit&#8221; column_padding_phone=&#8221;inherit&#8221; column_padding_position=&#8221;all&#8221; column_element_direction_desktop=&#8221;default&#8221; column_element_spacing=&#8221;default&#8221; desktop_text_alignment=&#8221;default&#8221; tablet_text_alignment=&#8221;default&#8221; phone_text_alignment=&#8221;default&#8221; background_color_opacity=&#8221;1&#8243; background_hover_color_opacity=&#8221;1&#8243; column_backdrop_filter=&#8221;none&#8221; column_shadow=&#8221;none&#8221; column_border_radius=&#8221;none&#8221; column_link_target=&#8221;_self&#8221; column_position=&#8221;default&#8221; gradient_direction=&#8221;left_to_right&#8221; overlay_strength=&#8221;0.3&#8243; width=&#8221;1\/1&#8243; tablet_width_inherit=&#8221;default&#8221; animation_type=&#8221;default&#8221; bg_image_animation=&#8221;none&#8221; border_type=&#8221;simple&#8221; column_border_width=&#8221;none&#8221; column_border_style=&#8221;solid&#8221;][nectar_text_inline_images media_type=&#8221;images&#8221; image_size=&#8221;medium&#8221; image_effect=&#8221;none&#8221; image_loading=&#8221;default&#8221;]\n<p style=\"text-align: center;\"><strong>Von Buren Contemporary <\/strong>presenta<\/p>\n<h3 style=\"text-align: center;\"><em>\u00a0<\/em><em>The Grand Tour<\/em><\/h3>\n<p style=\"text-align: center;\"><em>\u00a0<\/em><em>mostra collettiva natalizia con le opere di<\/em><\/p>\n<p style=\"text-align: center;\"><strong>Mattia Barbalaco\u00a0\u00a0 \u00a0\u00a0Bato\u00a0\u00a0\u00a0\u00a0 Justin Bradshaw \u00a0\u00a0\u00a0\u00a0Lorenzo Bruschini\u00a0\u00a0 \u00a0\u00a0<\/strong><\/p>\n<p style=\"text-align: center;\"><strong>Lucianella Cafagna\u00a0\u00a0 \u00a0\u00a0Pietro Capone\u00a0\u00a0\u00a0\u00a0 Chiara Caselli\u00a0\u00a0\u00a0\u00a0 Clamisart\u00a0\u00a0\u00a0 \u00a0Alessio Deli \u00a0\u00a0\u00a0\u00a0<\/strong><\/p>\n<p style=\"text-align: center;\"><strong>Mihail Dinisiuc\u00a0\u00a0\u00a0\u00a0 Luis J. Fern\u00e1ndez \u00a0\u00a0\u00a0\u00a0Augusto Gadea\u00a0\u00a0\u00a0\u00a0 Simona Gasperini\u00a0\u00a0\u00a0\u00a0 <\/strong><\/p>\n<p style=\"text-align: center;\"><strong>Vittorio Iavazzo\u00a0\u00a0\u00a0\u00a0 Michelino Iorizzo\u00a0\u00a0\u00a0\u00a0 Gabriele Luciani\u00a0\u00a0\u00a0\u00a0 Maiti\u00a0\u00a0\u00a0\u00a0 <\/strong><\/p>\n<p style=\"text-align: center;\"><strong>Juan Jos\u00e9 Mart\u00ednez C\u00e1novas\u00a0\u00a0\u00a0\u00a0 Charlie Masson\u00a0\u00a0\u00a0\u00a0 Mario Mei\u00a0\u00a0\u00a0\u00a0 Paolo Migliazza\u00a0\u00a0\u00a0\u00a0 <\/strong><\/p>\n<p style=\"text-align: center;\"><strong>Kristina Milakovic\u00a0\u00a0\u00a0\u00a0 Guido Morelli \u00a0\u00a0\u00a0\u00a0Claire Piredda \u00a0\u00a0\u00a0\u00a0Sofia Podest\u00e0\u00a0\u00a0\u00a0\u00a0 <\/strong><\/p>\n<p style=\"text-align: center;\"><strong>Massimo Pulini\u00a0\u00a0\u00a0\u00a0 Saro Puma\u00a0\u00a0\u00a0\u00a0 Giulio Rigoni\u00a0\u00a0\u00a0\u00a0 Agostino Rocco\u00a0 \u00a0\u00a0\u00a0Vera Rossi\u00a0\u00a0\u00a0 \u00a0<\/strong><\/p>\n<p style=\"text-align: center;\"><strong>Tina Sgr\u00f2\u00a0\u00a0 \u00a0\u00a0Beppe Stasi\u00a0\u00a0\u00a0 \u00a0Marco Stefanucci\u00a0\u00a0 \u00a0\u00a0Hannah Ungaro-Pope<\/strong><\/p>\n<p style=\"text-align: center;\"><strong><em>Vernissage<\/em><\/strong><\/p>\n<p style=\"text-align: center;\"><strong>domenica 10 dicembre 2023<\/strong><\/p>\n<p style=\"text-align: center;\"><strong>dalle 17:00 alle 22:00<\/strong><\/p>\n<p style=\"text-align: center;\"><strong>\u00a0<\/strong><\/p>\n<p style=\"text-align: center;\">Testo di presentazione:<strong> Raffaele Milani<br \/>\n<\/strong>Curatrice e organizzazione: <strong>Michele von B\u00fcren<br \/>\n<\/strong>la mostra rester\u00e0 aperta fino al 31 gennaio 2024<\/p>\n<p style=\"text-align: center;\"><strong>Von Buren Contemporary<\/strong><\/p>\n<p style=\"text-align: center;\">Via Giulia 13, 00186 Roma<\/p>\n<p style=\"text-align: center;\"><strong>3 opere saranno donate e sorteggiate per sostenere <em>4Ukraine Humanitarian Aid<\/em><\/strong><\/p>\n<p><em>\u00a0<\/em><\/p>\n<p><em>Colui che non ha viaggiato in Italia soffrir\u00e0 sempre di un senso di inferiorit\u00e0 perch\u00e9 non avr\u00e0 visto ci\u00f2 che ogni uomo dovrebbe vedere<\/em><\/p>\n<p><strong>Samuel Johnson<\/strong><\/p>\n<p>&nbsp;<\/p>\n<p style=\"text-align: justify;\"><strong>Von Buren Contemporary<\/strong> \u00e8 felice di presentare <strong><em>THE GRAND TOUR<\/em><\/strong>, una mostra collettiva natalizia ricca e variegata, ispirata a un&#8217;era passata di viaggi e avventure.<\/p>\n<p style=\"text-align: justify;\">A partire dal Seicento, era di moda, tra le famiglie benestanti, mandare i propri figli in giro per l&#8217;Europa per completare la loro istruzione introducendoli all&#8217;arte, alla storia e alla cultura del continente e in particolare dell&#8217;Italia. Questo rito di passaggio era conosciuto come Il Grand Tour. Generalmente comprendeva visite a Venezia, Firenze, Roma e Napoli e durava mesi, anche anni. Molti dei Grand Tourist acquistavano dipinti, sculture, stampe e altri souvenir che riportavano a casa per esibirli con orgoglio come ricordo del loro viaggio formativo.<\/p>\n<p style=\"text-align: justify;\">Con la partecipazione di 34 artisti; una variet\u00e0 di generi tra cui pittura, disegno, scultura, fotografia, collage e arte ceramica; e la ricreazione di una tradizionale Quadreria, la mostra <em>The Grand Tour<\/em> trasformer\u00e0 la galleria stessa in un&#8217;installazione artistica in modo che i visitatori possano immergersi in un&#8217;esperienza festosa, che porta indietro nel tempo.<\/p>\n<p style=\"text-align: justify;\">Alcuni degli artisti, tra cui <strong>Mattia Barbalaco<\/strong>, <strong>Pietro Capone<\/strong>, <strong>Mihail Dinisiuc<\/strong>, <strong>Gabriele Luciani<\/strong> e <strong>Massimo Pulini<\/strong>, usano le loro formidabili abilit\u00e0 per evocare deliberatamente il mondo formale dei musei d&#8217;arte e delle accademie, mentre altri &#8211; <strong>Juan Jos\u00e9 Mart\u00ednez C\u00e1novas<\/strong>, <strong>Charlie Masson<\/strong>, <strong>Agostino Rocco<\/strong> e <strong>Beppe Stasi<\/strong> &#8211; adoperano la loro tecnica sorprendente per un finale pi\u00f9 giocoso, rivisitando le opere dei grandi maestri con un occhio contemporaneo.<\/p>\n<p style=\"text-align: justify;\">Molte delle opere in mostra si concentrano sul paesaggio. Come souvenir dei loro viaggi, i Grand Tourist amavano acquistare le immagini dei loro luoghi preferiti, generando una forte domanda di pittori di paesaggi e vedute italiane. <strong>Justin Bradshaw<\/strong>, <strong>Luis J. Fern\u00e1ndez<\/strong>,<strong> Augusto Gadea<\/strong>, <strong>Michelino Iorizzo<\/strong>, <strong>Kristina Milakovic<\/strong>, <strong>Guido Morelli<\/strong> e <strong>Marco Stefanucci<\/strong> esplorano vari aspetti di questa tradizione, mentre le fotografe <strong>Sofia Podest\u00e0<\/strong> e <strong>Vera Rossi<\/strong> catturano siti che erano una tappa obbligata per i turisti, tra cui l&#8217;Orto Botanico di Palermo che tanto incant\u00f2 Goethe (Podest\u00e0) e l&#8217;incredibilmente romantico Giardino di Ninfa con le sue rovine coperte di fiori (Rossi). <strong>Hannah Ungaro-Pope<\/strong>, invece, basa la sua ricerca sull&#8217;idea di Goethe dell&#8217;Urpflanze, un archetipo vegetale da cui derivano tutte le altre piante e che Goethe sperava di trovare durante i suoi viaggi in Italia.<\/p>\n<p style=\"text-align: justify;\">L&#8217;artista del collage <strong>Simona Gasperini<\/strong> e i pittori <strong>Saro Puma<\/strong> e <strong>Giulio Rigoni<\/strong> affrontano il tema in modo estroso, con opere dalla vena fortemente illustrativa, mentre il duo artistico <strong>Clamisart<\/strong> indaga la ricerca frenetica di souvenir associati al Tour con la creazione di piatti e ornamenti in porcellana.<\/p>\n<p style=\"text-align: justify;\"><strong>Mario Mei<\/strong> e <strong>Tina Sgr\u00f2<\/strong> partecipano con suggestivi dipinti che ritraggono interni di musei e chiese di Roma, mentre gli scultori <strong>Maiti<\/strong>, <strong>Paolo Migliazza<\/strong> e <strong>Claire Piredda<\/strong> si concentrano sulla figura umana con creazioni in cartapesta, resina e terracotta.<\/p>\n<p style=\"text-align: justify;\">Il mondo della mitologia, tema dominante nelle opere ammirate e apprezzate da un Grand Tourist, \u00e8 l&#8217;ispirazione per le sculture dell&#8217;artista napoletano <strong>Vittorio Iavazzo<\/strong> e del pittore romano <strong>Lorenzo Bruschini<\/strong>, mentre <strong>Lucianella Cafagna<\/strong> ci presenta un ritratto di grandi dimensioni su carta di una giovane ragazza che ricorda un&#8217;eroina del Grand Tour di Henry James o E.M. Forster.<\/p>\n<p style=\"text-align: justify;\">Guardando fuori dall&#8217;Italia, l&#8217;artista romano <strong>Bato<\/strong> si ispira alle rovine di Babilonia mentre la fotografa <strong>Chiara Caselli<\/strong> incanta con una serie di vedute di Bukhara, l&#8217;antica citt\u00e0 dell&#8217;Uzbekistan.<\/p>\n<p style=\"text-align: justify;\">Il testo di presentazione della mostra \u00e8 di <strong>Raffaele Milani<\/strong>, professore di estetica all\u2019Universit\u00e0 di Bologna e uno dei massimi esperti italiani in materia di paesaggio e letteratura del Grand Tour.<\/p>\n<p><strong>Lotteria d&#8217;arte di beneficenza<\/strong><\/p>\n<p>Tre opere saranno donate come premio in una lotteria di beneficenza a favore di <strong>4Ukraine Humanitarian Aid<\/strong>, un&#8217;organizzazione no-profit con sede nel Regno Unito che raccoglie e consegna aiuti umanitari per i bambini e il popolo ucraino.<\/p>\n<p>&nbsp;<\/p>\n<p><strong>Ufficio stampa<br \/>\n<\/strong>Alessandra Lenzi | <a href=\"mailto:alessandralenzi.press@gmail.com\">alessandralenzi.press@gmail.com<\/a> | Tel: (+39) 320 5621416[\/nectar_text_inline_images][\/vc_column][\/vc_row]\n","protected":false},"excerpt":{"rendered":"<p>[vc_row type=&#8221;in_container&#8221; full_screen_row_position=&#8221;middle&#8221; column_margin=&#8221;60px&#8221; column_direction=&#8221;default&#8221; column_direction_tablet=&#8221;default&#8221; column_direction_phone=&#8221;default&#8221; scene_position=&#8221;center&#8221; text_color=&#8221;dark&#8221; text_align=&#8221;left&#8221; row_border_radius=&#8221;none&#8221; row_border_radius_applies=&#8221;bg&#8221; overflow=&#8221;visible&#8221; advanced_gradient_angle=&#8221;0&#8243; overlay_strength=&#8221;0.3&#8243; gradient_direction=&#8221;left_to_right&#8221; shape_divider_position=&#8221;bottom&#8221; bg_image_animation=&#8221;none&#8221; gradient_type=&#8221;default&#8221; shape_type=&#8221;&#8221;][vc_column column_padding=&#8221;no-extra-padding&#8221; column_padding_tablet=&#8221;inherit&#8221; column_padding_phone=&#8221;inherit&#8221; column_padding_position=&#8221;all&#8221; column_element_direction_desktop=&#8221;default&#8221; column_element_spacing=&#8221;default&#8221; desktop_text_alignment=&#8221;default&#8221; tablet_text_alignment=&#8221;default&#8221; phone_text_alignment=&#8221;default&#8221; background_color_opacity=&#8221;1&#8243;&#8230;<\/p>\n","protected":false},"author":4,"featured_media":19328,"comment_status":"closed","ping_status":"closed","sticky":false,"template":"","format":"standard","meta":{"_jetpack_memberships_contains_paid_content":false,"footnotes":""},"categories":[417],"tags":[],"class_list":{"0":"post-19345","1":"post","2":"type-post","3":"status-publish","4":"format-standard","5":"has-post-thumbnail","7":"category-2023-it"},"yoast_head":"<!-- This site is optimized with the Yoast SEO plugin v27.5 - https:\/\/yoast.com\/product\/yoast-seo-wordpress\/ -->\n<title>The Grand Tour | Dicembre 2023 | Von Buren Contemporary<\/title>\n<meta name=\"description\" content=\"the grand tour at Von buren contemporary art gallery in Rome. December 2023- January 2024\" \/>\n<meta name=\"robots\" content=\"index, follow, max-snippet:-1, max-image-preview:large, max-video-preview:-1\" \/>\n<link rel=\"canonical\" href=\"https:\/\/vonburencontemporary.com\/it\/the-grand-tour-december-2023\/\" \/>\n<meta property=\"og:locale\" content=\"it_IT\" \/>\n<meta property=\"og:type\" content=\"article\" \/>\n<meta property=\"og:title\" content=\"The Grand Tour | Dicembre 2023 | Von Buren Contemporary\" \/>\n<meta property=\"og:description\" content=\"the grand tour at Von buren contemporary art gallery in Rome. December 2023- January 2024\" \/>\n<meta property=\"og:url\" content=\"https:\/\/vonburencontemporary.com\/it\/the-grand-tour-december-2023\/\" \/>\n<meta property=\"og:site_name\" content=\"Von Buren Contemporary\" \/>\n<meta property=\"article:published_time\" content=\"2023-11-28T15:51:41+00:00\" \/>\n<meta property=\"article:modified_time\" content=\"2024-01-18T15:28:35+00:00\" \/>\n<meta property=\"og:image\" content=\"https:\/\/vonburencontemporary.com\/wp-content\/uploads\/2023\/11\/Invito_The-Grand-Tour_10-dicembre.jpg\" \/>\n\t<meta property=\"og:image:width\" content=\"1600\" \/>\n\t<meta property=\"og:image:height\" content=\"1600\" \/>\n\t<meta property=\"og:image:type\" content=\"image\/jpeg\" \/>\n<meta name=\"author\" content=\"Sofia\" \/>\n<meta name=\"twitter:card\" content=\"summary_large_image\" \/>\n<meta name=\"twitter:label1\" content=\"Scritto da\" \/>\n\t<meta name=\"twitter:data1\" content=\"Sofia\" \/>\n\t<meta name=\"twitter:label2\" content=\"Tempo di lettura stimato\" \/>\n\t<meta name=\"twitter:data2\" content=\"6 minuti\" \/>\n<script type=\"application\/ld+json\" class=\"yoast-schema-graph\">{\"@context\":\"https:\\\/\\\/schema.org\",\"@graph\":[{\"@type\":\"Article\",\"@id\":\"https:\\\/\\\/vonburencontemporary.com\\\/it\\\/the-grand-tour-december-2023\\\/#article\",\"isPartOf\":{\"@id\":\"https:\\\/\\\/vonburencontemporary.com\\\/it\\\/the-grand-tour-december-2023\\\/\"},\"author\":{\"name\":\"Sofia\",\"@id\":\"https:\\\/\\\/vonburencontemporary.com\\\/it\\\/#\\\/schema\\\/person\\\/42a365846f220efe3dbfb802ac7860bc\"},\"headline\":\"The Grand Tour | Dicembre 2023\",\"datePublished\":\"2023-11-28T15:51:41+00:00\",\"dateModified\":\"2024-01-18T15:28:35+00:00\",\"mainEntityOfPage\":{\"@id\":\"https:\\\/\\\/vonburencontemporary.com\\\/it\\\/the-grand-tour-december-2023\\\/\"},\"wordCount\":1920,\"publisher\":{\"@id\":\"https:\\\/\\\/vonburencontemporary.com\\\/it\\\/#organization\"},\"image\":{\"@id\":\"https:\\\/\\\/vonburencontemporary.com\\\/it\\\/the-grand-tour-december-2023\\\/#primaryimage\"},\"thumbnailUrl\":\"https:\\\/\\\/vonburencontemporary.com\\\/wp-content\\\/uploads\\\/2023\\\/11\\\/Invito_The-Grand-Tour_10-dicembre.jpg\",\"articleSection\":[\"2023\"],\"inLanguage\":\"it-IT\"},{\"@type\":\"WebPage\",\"@id\":\"https:\\\/\\\/vonburencontemporary.com\\\/it\\\/the-grand-tour-december-2023\\\/\",\"url\":\"https:\\\/\\\/vonburencontemporary.com\\\/it\\\/the-grand-tour-december-2023\\\/\",\"name\":\"The Grand Tour | Dicembre 2023 | Von Buren Contemporary\",\"isPartOf\":{\"@id\":\"https:\\\/\\\/vonburencontemporary.com\\\/it\\\/#website\"},\"primaryImageOfPage\":{\"@id\":\"https:\\\/\\\/vonburencontemporary.com\\\/it\\\/the-grand-tour-december-2023\\\/#primaryimage\"},\"image\":{\"@id\":\"https:\\\/\\\/vonburencontemporary.com\\\/it\\\/the-grand-tour-december-2023\\\/#primaryimage\"},\"thumbnailUrl\":\"https:\\\/\\\/vonburencontemporary.com\\\/wp-content\\\/uploads\\\/2023\\\/11\\\/Invito_The-Grand-Tour_10-dicembre.jpg\",\"datePublished\":\"2023-11-28T15:51:41+00:00\",\"dateModified\":\"2024-01-18T15:28:35+00:00\",\"description\":\"the grand tour at Von buren contemporary art gallery in Rome. December 2023- January 2024\",\"breadcrumb\":{\"@id\":\"https:\\\/\\\/vonburencontemporary.com\\\/it\\\/the-grand-tour-december-2023\\\/#breadcrumb\"},\"inLanguage\":\"it-IT\",\"potentialAction\":[{\"@type\":\"ReadAction\",\"target\":[\"https:\\\/\\\/vonburencontemporary.com\\\/it\\\/the-grand-tour-december-2023\\\/\"]}]},{\"@type\":\"ImageObject\",\"inLanguage\":\"it-IT\",\"@id\":\"https:\\\/\\\/vonburencontemporary.com\\\/it\\\/the-grand-tour-december-2023\\\/#primaryimage\",\"url\":\"https:\\\/\\\/vonburencontemporary.com\\\/wp-content\\\/uploads\\\/2023\\\/11\\\/Invito_The-Grand-Tour_10-dicembre.jpg\",\"contentUrl\":\"https:\\\/\\\/vonburencontemporary.com\\\/wp-content\\\/uploads\\\/2023\\\/11\\\/Invito_The-Grand-Tour_10-dicembre.jpg\",\"width\":1600,\"height\":1600,\"caption\":\"the grand tour, contemporary art in rome, von buren contemporary, artisti emergenti italiani\"},{\"@type\":\"BreadcrumbList\",\"@id\":\"https:\\\/\\\/vonburencontemporary.com\\\/it\\\/the-grand-tour-december-2023\\\/#breadcrumb\",\"itemListElement\":[{\"@type\":\"ListItem\",\"position\":1,\"name\":\"Home\",\"item\":\"https:\\\/\\\/vonburencontemporary.com\\\/it\\\/\"},{\"@type\":\"ListItem\",\"position\":2,\"name\":\"The Grand Tour | Dicembre 2023\"}]},{\"@type\":\"WebSite\",\"@id\":\"https:\\\/\\\/vonburencontemporary.com\\\/it\\\/#website\",\"url\":\"https:\\\/\\\/vonburencontemporary.com\\\/it\\\/\",\"name\":\"Von Buren Contemporary\",\"description\":\"\",\"publisher\":{\"@id\":\"https:\\\/\\\/vonburencontemporary.com\\\/it\\\/#organization\"},\"potentialAction\":[{\"@type\":\"SearchAction\",\"target\":{\"@type\":\"EntryPoint\",\"urlTemplate\":\"https:\\\/\\\/vonburencontemporary.com\\\/it\\\/?s={search_term_string}\"},\"query-input\":{\"@type\":\"PropertyValueSpecification\",\"valueRequired\":true,\"valueName\":\"search_term_string\"}}],\"inLanguage\":\"it-IT\"},{\"@type\":\"Organization\",\"@id\":\"https:\\\/\\\/vonburencontemporary.com\\\/it\\\/#organization\",\"name\":\"Von Buren Contemporary\",\"url\":\"https:\\\/\\\/vonburencontemporary.com\\\/it\\\/\",\"logo\":{\"@type\":\"ImageObject\",\"inLanguage\":\"it-IT\",\"@id\":\"https:\\\/\\\/vonburencontemporary.com\\\/it\\\/#\\\/schema\\\/logo\\\/image\\\/\",\"url\":\"https:\\\/\\\/vonburencontemporary.com\\\/wp-content\\\/uploads\\\/2022\\\/03\\\/VBC-Logo-Colour.png\",\"contentUrl\":\"https:\\\/\\\/vonburencontemporary.com\\\/wp-content\\\/uploads\\\/2022\\\/03\\\/VBC-Logo-Colour.png\",\"width\":222,\"height\":216,\"caption\":\"Von Buren Contemporary\"},\"image\":{\"@id\":\"https:\\\/\\\/vonburencontemporary.com\\\/it\\\/#\\\/schema\\\/logo\\\/image\\\/\"},\"sameAs\":[\"https:\\\/\\\/www.instagram.com\\\/vonburen.contemporary\\\/\"]},{\"@type\":\"Person\",\"@id\":\"https:\\\/\\\/vonburencontemporary.com\\\/it\\\/#\\\/schema\\\/person\\\/42a365846f220efe3dbfb802ac7860bc\",\"name\":\"Sofia\",\"image\":{\"@type\":\"ImageObject\",\"inLanguage\":\"it-IT\",\"@id\":\"https:\\\/\\\/secure.gravatar.com\\\/avatar\\\/1af06f18e0117880332de320e72573d2053ea4a94599ee83beb1122cce08a78b?s=96&d=mm&r=g\",\"url\":\"https:\\\/\\\/secure.gravatar.com\\\/avatar\\\/1af06f18e0117880332de320e72573d2053ea4a94599ee83beb1122cce08a78b?s=96&d=mm&r=g\",\"contentUrl\":\"https:\\\/\\\/secure.gravatar.com\\\/avatar\\\/1af06f18e0117880332de320e72573d2053ea4a94599ee83beb1122cce08a78b?s=96&d=mm&r=g\",\"caption\":\"Sofia\"},\"url\":\"https:\\\/\\\/vonburencontemporary.com\\\/it\\\/author\\\/sofia\\\/\"}]}<\/script>\n<!-- \/ Yoast SEO plugin. -->","yoast_head_json":{"title":"The Grand Tour | Dicembre 2023 | Von Buren Contemporary","description":"the grand tour at Von buren contemporary art gallery in Rome. December 2023- January 2024","robots":{"index":"index","follow":"follow","max-snippet":"max-snippet:-1","max-image-preview":"max-image-preview:large","max-video-preview":"max-video-preview:-1"},"canonical":"https:\/\/vonburencontemporary.com\/it\/the-grand-tour-december-2023\/","og_locale":"it_IT","og_type":"article","og_title":"The Grand Tour | Dicembre 2023 | Von Buren Contemporary","og_description":"the grand tour at Von buren contemporary art gallery in Rome. December 2023- January 2024","og_url":"https:\/\/vonburencontemporary.com\/it\/the-grand-tour-december-2023\/","og_site_name":"Von Buren Contemporary","article_published_time":"2023-11-28T15:51:41+00:00","article_modified_time":"2024-01-18T15:28:35+00:00","og_image":[{"width":1600,"height":1600,"url":"https:\/\/vonburencontemporary.com\/wp-content\/uploads\/2023\/11\/Invito_The-Grand-Tour_10-dicembre.jpg","type":"image\/jpeg"}],"author":"Sofia","twitter_card":"summary_large_image","twitter_misc":{"Scritto da":"Sofia","Tempo di lettura stimato":"6 minuti"},"schema":{"@context":"https:\/\/schema.org","@graph":[{"@type":"Article","@id":"https:\/\/vonburencontemporary.com\/it\/the-grand-tour-december-2023\/#article","isPartOf":{"@id":"https:\/\/vonburencontemporary.com\/it\/the-grand-tour-december-2023\/"},"author":{"name":"Sofia","@id":"https:\/\/vonburencontemporary.com\/it\/#\/schema\/person\/42a365846f220efe3dbfb802ac7860bc"},"headline":"The Grand Tour | Dicembre 2023","datePublished":"2023-11-28T15:51:41+00:00","dateModified":"2024-01-18T15:28:35+00:00","mainEntityOfPage":{"@id":"https:\/\/vonburencontemporary.com\/it\/the-grand-tour-december-2023\/"},"wordCount":1920,"publisher":{"@id":"https:\/\/vonburencontemporary.com\/it\/#organization"},"image":{"@id":"https:\/\/vonburencontemporary.com\/it\/the-grand-tour-december-2023\/#primaryimage"},"thumbnailUrl":"https:\/\/vonburencontemporary.com\/wp-content\/uploads\/2023\/11\/Invito_The-Grand-Tour_10-dicembre.jpg","articleSection":["2023"],"inLanguage":"it-IT"},{"@type":"WebPage","@id":"https:\/\/vonburencontemporary.com\/it\/the-grand-tour-december-2023\/","url":"https:\/\/vonburencontemporary.com\/it\/the-grand-tour-december-2023\/","name":"The Grand Tour | Dicembre 2023 | Von Buren Contemporary","isPartOf":{"@id":"https:\/\/vonburencontemporary.com\/it\/#website"},"primaryImageOfPage":{"@id":"https:\/\/vonburencontemporary.com\/it\/the-grand-tour-december-2023\/#primaryimage"},"image":{"@id":"https:\/\/vonburencontemporary.com\/it\/the-grand-tour-december-2023\/#primaryimage"},"thumbnailUrl":"https:\/\/vonburencontemporary.com\/wp-content\/uploads\/2023\/11\/Invito_The-Grand-Tour_10-dicembre.jpg","datePublished":"2023-11-28T15:51:41+00:00","dateModified":"2024-01-18T15:28:35+00:00","description":"the grand tour at Von buren contemporary art gallery in Rome. December 2023- January 2024","breadcrumb":{"@id":"https:\/\/vonburencontemporary.com\/it\/the-grand-tour-december-2023\/#breadcrumb"},"inLanguage":"it-IT","potentialAction":[{"@type":"ReadAction","target":["https:\/\/vonburencontemporary.com\/it\/the-grand-tour-december-2023\/"]}]},{"@type":"ImageObject","inLanguage":"it-IT","@id":"https:\/\/vonburencontemporary.com\/it\/the-grand-tour-december-2023\/#primaryimage","url":"https:\/\/vonburencontemporary.com\/wp-content\/uploads\/2023\/11\/Invito_The-Grand-Tour_10-dicembre.jpg","contentUrl":"https:\/\/vonburencontemporary.com\/wp-content\/uploads\/2023\/11\/Invito_The-Grand-Tour_10-dicembre.jpg","width":1600,"height":1600,"caption":"the grand tour, contemporary art in rome, von buren contemporary, artisti emergenti italiani"},{"@type":"BreadcrumbList","@id":"https:\/\/vonburencontemporary.com\/it\/the-grand-tour-december-2023\/#breadcrumb","itemListElement":[{"@type":"ListItem","position":1,"name":"Home","item":"https:\/\/vonburencontemporary.com\/it\/"},{"@type":"ListItem","position":2,"name":"The Grand Tour | Dicembre 2023"}]},{"@type":"WebSite","@id":"https:\/\/vonburencontemporary.com\/it\/#website","url":"https:\/\/vonburencontemporary.com\/it\/","name":"Von Buren Contemporary","description":"","publisher":{"@id":"https:\/\/vonburencontemporary.com\/it\/#organization"},"potentialAction":[{"@type":"SearchAction","target":{"@type":"EntryPoint","urlTemplate":"https:\/\/vonburencontemporary.com\/it\/?s={search_term_string}"},"query-input":{"@type":"PropertyValueSpecification","valueRequired":true,"valueName":"search_term_string"}}],"inLanguage":"it-IT"},{"@type":"Organization","@id":"https:\/\/vonburencontemporary.com\/it\/#organization","name":"Von Buren Contemporary","url":"https:\/\/vonburencontemporary.com\/it\/","logo":{"@type":"ImageObject","inLanguage":"it-IT","@id":"https:\/\/vonburencontemporary.com\/it\/#\/schema\/logo\/image\/","url":"https:\/\/vonburencontemporary.com\/wp-content\/uploads\/2022\/03\/VBC-Logo-Colour.png","contentUrl":"https:\/\/vonburencontemporary.com\/wp-content\/uploads\/2022\/03\/VBC-Logo-Colour.png","width":222,"height":216,"caption":"Von Buren Contemporary"},"image":{"@id":"https:\/\/vonburencontemporary.com\/it\/#\/schema\/logo\/image\/"},"sameAs":["https:\/\/www.instagram.com\/vonburen.contemporary\/"]},{"@type":"Person","@id":"https:\/\/vonburencontemporary.com\/it\/#\/schema\/person\/42a365846f220efe3dbfb802ac7860bc","name":"Sofia","image":{"@type":"ImageObject","inLanguage":"it-IT","@id":"https:\/\/secure.gravatar.com\/avatar\/1af06f18e0117880332de320e72573d2053ea4a94599ee83beb1122cce08a78b?s=96&d=mm&r=g","url":"https:\/\/secure.gravatar.com\/avatar\/1af06f18e0117880332de320e72573d2053ea4a94599ee83beb1122cce08a78b?s=96&d=mm&r=g","contentUrl":"https:\/\/secure.gravatar.com\/avatar\/1af06f18e0117880332de320e72573d2053ea4a94599ee83beb1122cce08a78b?s=96&d=mm&r=g","caption":"Sofia"},"url":"https:\/\/vonburencontemporary.com\/it\/author\/sofia\/"}]}},"jetpack_featured_media_url":"https:\/\/vonburencontemporary.com\/wp-content\/uploads\/2023\/11\/Invito_The-Grand-Tour_10-dicembre.jpg","jetpack_sharing_enabled":true,"_links":{"self":[{"href":"https:\/\/vonburencontemporary.com\/it\/wp-json\/wp\/v2\/posts\/19345","targetHints":{"allow":["GET"]}}],"collection":[{"href":"https:\/\/vonburencontemporary.com\/it\/wp-json\/wp\/v2\/posts"}],"about":[{"href":"https:\/\/vonburencontemporary.com\/it\/wp-json\/wp\/v2\/types\/post"}],"author":[{"embeddable":true,"href":"https:\/\/vonburencontemporary.com\/it\/wp-json\/wp\/v2\/users\/4"}],"replies":[{"embeddable":true,"href":"https:\/\/vonburencontemporary.com\/it\/wp-json\/wp\/v2\/comments?post=19345"}],"version-history":[{"count":4,"href":"https:\/\/vonburencontemporary.com\/it\/wp-json\/wp\/v2\/posts\/19345\/revisions"}],"predecessor-version":[{"id":20374,"href":"https:\/\/vonburencontemporary.com\/it\/wp-json\/wp\/v2\/posts\/19345\/revisions\/20374"}],"wp:featuredmedia":[{"embeddable":true,"href":"https:\/\/vonburencontemporary.com\/it\/wp-json\/wp\/v2\/media\/19328"}],"wp:attachment":[{"href":"https:\/\/vonburencontemporary.com\/it\/wp-json\/wp\/v2\/media?parent=19345"}],"wp:term":[{"taxonomy":"category","embeddable":true,"href":"https:\/\/vonburencontemporary.com\/it\/wp-json\/wp\/v2\/categories?post=19345"},{"taxonomy":"post_tag","embeddable":true,"href":"https:\/\/vonburencontemporary.com\/it\/wp-json\/wp\/v2\/tags?post=19345"}],"curies":[{"name":"wp","href":"https:\/\/api.w.org\/{rel}","templated":true}]}}