{"id":59674,"date":"2025-05-06T13:18:07","date_gmt":"2025-05-06T13:18:07","guid":{"rendered":"https:\/\/vonburencontemporary.com\/the-poetic-enigma-may-2025\/"},"modified":"2025-05-28T14:02:30","modified_gmt":"2025-05-28T14:02:30","slug":"the-poetic-enigma-may-2025","status":"publish","type":"post","link":"https:\/\/vonburencontemporary.com\/it\/the-poetic-enigma-may-2025\/","title":{"rendered":"The Poetic Enigma | Maggio 2025"},"content":{"rendered":"[vc_row type=&#8221;in_container&#8221; full_screen_row_position=&#8221;middle&#8221; column_margin=&#8221;60px&#8221; column_direction=&#8221;default&#8221; column_direction_tablet=&#8221;default&#8221; column_direction_phone=&#8221;default&#8221; scene_position=&#8221;center&#8221; text_color=&#8221;dark&#8221; text_align=&#8221;left&#8221; row_border_radius=&#8221;none&#8221; row_border_radius_applies=&#8221;bg&#8221; overflow=&#8221;visible&#8221; advanced_gradient_angle=&#8221;0&#8243; overlay_strength=&#8221;0.3&#8243; gradient_direction=&#8221;left_to_right&#8221; shape_divider_position=&#8221;bottom&#8221; bg_image_animation=&#8221;none&#8221; gradient_type=&#8221;default&#8221; shape_type=&#8221;&#8221;][vc_column column_padding=&#8221;no-extra-padding&#8221; column_padding_tablet=&#8221;inherit&#8221; column_padding_phone=&#8221;inherit&#8221; column_padding_position=&#8221;all&#8221; column_element_direction_desktop=&#8221;default&#8221; column_element_spacing=&#8221;default&#8221; desktop_text_alignment=&#8221;default&#8221; tablet_text_alignment=&#8221;default&#8221; phone_text_alignment=&#8221;default&#8221; background_color_opacity=&#8221;1&#8243; background_hover_color_opacity=&#8221;1&#8243; column_backdrop_filter=&#8221;none&#8221; column_shadow=&#8221;none&#8221; column_border_radius=&#8221;none&#8221; column_link_target=&#8221;_self&#8221; column_position=&#8221;default&#8221; gradient_direction=&#8221;left_to_right&#8221; overlay_strength=&#8221;0.3&#8243; width=&#8221;1\/1&#8243; tablet_width_inherit=&#8221;default&#8221; animation_type=&#8221;default&#8221; bg_image_animation=&#8221;none&#8221; border_type=&#8221;simple&#8221; column_border_width=&#8221;none&#8221; column_border_style=&#8221;solid&#8221;][vc_row_inner column_margin=&#8221;default&#8221; column_direction=&#8221;default&#8221; column_direction_tablet=&#8221;default&#8221; column_direction_phone=&#8221;default&#8221; text_align=&#8221;left&#8221; row_position=&#8221;default&#8221; row_position_tablet=&#8221;inherit&#8221; row_position_phone=&#8221;inherit&#8221; overflow=&#8221;visible&#8221; pointer_events=&#8221;all&#8221;][vc_column_inner column_padding=&#8221;no-extra-padding&#8221; column_padding_tablet=&#8221;inherit&#8221; column_padding_phone=&#8221;inherit&#8221; column_padding_position=&#8221;all&#8221; column_element_direction_desktop=&#8221;default&#8221; column_element_spacing=&#8221;default&#8221; centered_text=&#8221;true&#8221; desktop_text_alignment=&#8221;default&#8221; tablet_text_alignment=&#8221;default&#8221; phone_text_alignment=&#8221;default&#8221; background_color_opacity=&#8221;1&#8243; background_hover_color_opacity=&#8221;1&#8243; column_backdrop_filter=&#8221;none&#8221; column_shadow=&#8221;none&#8221; column_border_radius=&#8221;none&#8221; column_link_target=&#8221;_self&#8221; overflow=&#8221;visible&#8221; advanced_gradient_angle=&#8221;0&#8243; gradient_direction=&#8221;left_to_right&#8221; overlay_strength=&#8221;0.3&#8243; width=&#8221;1\/1&#8243; tablet_width_inherit=&#8221;default&#8221; animation_type=&#8221;default&#8221; bg_image_animation=&#8221;none&#8221; border_type=&#8221;simple&#8221; column_border_width=&#8221;none&#8221; column_border_style=&#8221;solid&#8221; gradient_type=&#8221;default&#8221;][image_with_animation image_url=&#8221;59669&#8243; image_size=&#8221;medium_featured&#8221; animation_type=&#8221;entrance&#8221; animation=&#8221;Fade In&#8221; animation_easing=&#8221;default&#8221; animation_movement_type=&#8221;transform_y&#8221; hover_animation=&#8221;none&#8221; alignment=&#8221;&#8221; border_radius=&#8221;none&#8221; box_shadow=&#8221;none&#8221; image_loading=&#8221;default&#8221; max_width=&#8221;100%&#8221; max_width_mobile=&#8221;default&#8221;][\/vc_column_inner][\/vc_row_inner][divider line_type=&#8221;No Line&#8221; custom_height=&#8221;15&#8243;][vc_row_inner equal_height=&#8221;yes&#8221; content_placement=&#8221;middle&#8221; column_margin=&#8221;default&#8221; column_direction=&#8221;default&#8221; column_direction_tablet=&#8221;default&#8221; column_direction_phone=&#8221;default&#8221; text_align=&#8221;left&#8221; row_position=&#8221;default&#8221; row_position_tablet=&#8221;inherit&#8221; row_position_phone=&#8221;inherit&#8221; overflow=&#8221;visible&#8221; pointer_events=&#8221;all&#8221;][vc_column_inner column_padding=&#8221;no-extra-padding&#8221; column_padding_tablet=&#8221;inherit&#8221; column_padding_phone=&#8221;inherit&#8221; column_padding_position=&#8221;all&#8221; column_element_direction_desktop=&#8221;default&#8221; column_element_spacing=&#8221;default&#8221; desktop_text_alignment=&#8221;default&#8221; tablet_text_alignment=&#8221;default&#8221; phone_text_alignment=&#8221;default&#8221; background_color_opacity=&#8221;1&#8243; background_hover_color_opacity=&#8221;1&#8243; column_backdrop_filter=&#8221;none&#8221; column_shadow=&#8221;none&#8221; column_border_radius=&#8221;none&#8221; column_link_target=&#8221;_self&#8221; overflow=&#8221;visible&#8221; gradient_direction=&#8221;left_to_right&#8221; overlay_strength=&#8221;0.3&#8243; width=&#8221;2\/3&#8243; tablet_width_inherit=&#8221;default&#8221; animation_type=&#8221;default&#8221; bg_image_animation=&#8221;none&#8221; border_type=&#8221;simple&#8221; column_border_width=&#8221;none&#8221; column_border_style=&#8221;solid&#8221;][vc_column_text]\n<div id=\"comp-l08crjji\" class=\"_1Q9if\" data-testid=\"richTextElement\">\n<h3 class=\"font_8\"><span class=\"color_14\">INFO<\/span><\/h3>\n<\/div>\n[\/vc_column_text][vc_column_text css=&#8221;&#8221; text_direction=&#8221;default&#8221;]\n<div id=\"comp-l08crjji\" class=\"_1Q9if\" data-testid=\"richTextElement\"><i>The poetic enigma<\/i>, mostra collettiva<\/div>\n<div id=\"comp-l08crjjo\" class=\"_2Hij5\" data-testid=\"richTextElement\">\n<p>Dal 16 maggio al 10 Giugno, 2025<\/p>\n<p><strong>Vernissage:<\/strong> Gioved\u00ec 15 e Venerd\u00ec 16 aprile, 18:00 &#8211; 21:00<\/p>\n<\/div>\n<p>&nbsp;<\/p>\n<p><strong>Von Buren Contemporary<\/strong><br \/>\nVia Giulia 13<br \/>\n00186 Roma[\/vc_column_text][\/vc_column_inner][vc_column_inner column_padding=&#8221;padding-2-percent&#8221; column_padding_tablet=&#8221;inherit&#8221; column_padding_phone=&#8221;inherit&#8221; column_padding_position=&#8221;top&#8221; column_element_direction_desktop=&#8221;default&#8221; column_element_spacing=&#8221;default&#8221; centered_text=&#8221;true&#8221; desktop_text_alignment=&#8221;default&#8221; tablet_text_alignment=&#8221;default&#8221; phone_text_alignment=&#8221;default&#8221; background_color_opacity=&#8221;1&#8243; background_hover_color_opacity=&#8221;1&#8243; column_backdrop_filter=&#8221;none&#8221; column_shadow=&#8221;none&#8221; column_border_radius=&#8221;none&#8221; column_link_target=&#8221;_self&#8221; overflow=&#8221;visible&#8221; advanced_gradient_angle=&#8221;0&#8243; gradient_direction=&#8221;left_to_right&#8221; overlay_strength=&#8221;0.3&#8243; width=&#8221;1\/3&#8243; tablet_width_inherit=&#8221;default&#8221; animation_type=&#8221;default&#8221; bg_image_animation=&#8221;none&#8221; border_type=&#8221;simple&#8221; column_border_width=&#8221;none&#8221; column_border_style=&#8221;solid&#8221; gradient_type=&#8221;default&#8221;][nectar_btn size=&#8221;jumbo&#8221; open_new_tab=&#8221;true&#8221; button_style=&#8221;regular&#8221; button_color_2=&#8221;Extra-Color-1&#8243; solid_text_color_override=&#8221;#ffffff&#8221; icon_family=&#8221;none&#8221; el_class=&#8221;full-size&#8221; text=&#8221;Comunicato Stampa&#8221; url=&#8221;https:\/\/vonburencontemporary.com\/wp-content\/uploads\/2025\/05\/CS-The-Poetic-Enigma.pdf&#8221;][nectar_btn size=&#8221;jumbo&#8221; open_new_tab=&#8221;true&#8221; button_style=&#8221;regular&#8221; button_color_2=&#8221;Extra-Color-1&#8243; solid_text_color_override=&#8221;#ffffff&#8221; icon_family=&#8221;none&#8221; el_class=&#8221;full-size&#8221; text=&#8221;Price List&#8221; url=&#8221;https:\/\/vonburencontemporary.com\/wp-content\/uploads\/2025\/05\/The-Poetic-Enigma_Price-List_May25-2.pdf&#8221;][\/vc_column_inner][\/vc_row_inner][vc_row_inner column_margin=&#8221;default&#8221; column_direction=&#8221;default&#8221; column_direction_tablet=&#8221;default&#8221; column_direction_phone=&#8221;default&#8221; top_padding=&#8221;30&#8243; text_align=&#8221;left&#8221; row_position=&#8221;default&#8221; row_position_tablet=&#8221;inherit&#8221; row_position_phone=&#8221;inherit&#8221; overflow=&#8221;visible&#8221; pointer_events=&#8221;all&#8221;][vc_column_inner column_padding=&#8221;no-extra-padding&#8221; column_padding_tablet=&#8221;inherit&#8221; column_padding_phone=&#8221;inherit&#8221; column_padding_position=&#8221;all&#8221; column_element_direction_desktop=&#8221;default&#8221; column_element_spacing=&#8221;default&#8221; desktop_text_alignment=&#8221;default&#8221; tablet_text_alignment=&#8221;default&#8221; phone_text_alignment=&#8221;default&#8221; background_color_opacity=&#8221;1&#8243; background_hover_color_opacity=&#8221;1&#8243; column_backdrop_filter=&#8221;none&#8221; column_shadow=&#8221;none&#8221; column_border_radius=&#8221;none&#8221; column_link_target=&#8221;_self&#8221; overflow=&#8221;visible&#8221; gradient_direction=&#8221;left_to_right&#8221; overlay_strength=&#8221;0.3&#8243; width=&#8221;1\/1&#8243; tablet_width_inherit=&#8221;default&#8221; animation_type=&#8221;default&#8221; bg_image_animation=&#8221;none&#8221; border_type=&#8221;simple&#8221; column_border_width=&#8221;none&#8221; column_border_style=&#8221;solid&#8221; column_padding_type=&#8221;default&#8221; gradient_type=&#8221;default&#8221;][vc_gallery css=&#8221;&#8221; type=&#8221;image_grid&#8221; images=&#8221;60308,60310,60312,60314,60316,60318,60320,60322,60324,60304,60306&#8243; image_grid_loading=&#8221;default&#8221; layout=&#8221;2&#8243; masonry_style=&#8221;true&#8221; item_spacing=&#8221;default&#8221; gallery_style=&#8221;1&#8243; load_in_animation=&#8221;none&#8221; img_size=&#8221;900&#215;600&#8243;][vc_gallery css=&#8221;&#8221; type=&#8221;image_grid&#8221; images=&#8221;60345,60343,60341,60326,60295,59666,60290,60288,60286,60282,60279,60277,60275,60273,60271,60269,60265,60261,60257,60253,60247,59664,60244,60243,60241,60239,59662,60233,60231,60229,60235&#8243; image_grid_loading=&#8221;default&#8221; layout=&#8221;2&#8243; masonry_style=&#8221;true&#8221; item_spacing=&#8221;default&#8221; gallery_style=&#8221;1&#8243; load_in_animation=&#8221;none&#8221; img_size=&#8221;600&#215;600&#8243;][\/vc_column_inner][\/vc_row_inner][\/vc_column][\/vc_row][vc_row type=&#8221;in_container&#8221; full_screen_row_position=&#8221;middle&#8221; column_margin=&#8221;default&#8221; column_direction=&#8221;default&#8221; column_direction_tablet=&#8221;default&#8221; column_direction_phone=&#8221;default&#8221; scene_position=&#8221;center&#8221; text_color=&#8221;dark&#8221; text_align=&#8221;left&#8221; row_border_radius=&#8221;none&#8221; row_border_radius_applies=&#8221;bg&#8221; overflow=&#8221;visible&#8221; overlay_strength=&#8221;0.3&#8243; gradient_direction=&#8221;left_to_right&#8221; shape_divider_position=&#8221;bottom&#8221; bg_image_animation=&#8221;none&#8221;][vc_column column_padding=&#8221;no-extra-padding&#8221; column_padding_tablet=&#8221;inherit&#8221; column_padding_phone=&#8221;inherit&#8221; column_padding_position=&#8221;all&#8221; column_element_direction_desktop=&#8221;default&#8221; column_element_spacing=&#8221;default&#8221; desktop_text_alignment=&#8221;default&#8221; tablet_text_alignment=&#8221;default&#8221; phone_text_alignment=&#8221;default&#8221; background_color_opacity=&#8221;1&#8243; background_hover_color_opacity=&#8221;1&#8243; column_backdrop_filter=&#8221;none&#8221; column_shadow=&#8221;none&#8221; column_border_radius=&#8221;none&#8221; column_link_target=&#8221;_self&#8221; column_position=&#8221;default&#8221; gradient_direction=&#8221;left_to_right&#8221; overlay_strength=&#8221;0.3&#8243; width=&#8221;1\/1&#8243; tablet_width_inherit=&#8221;default&#8221; animation_type=&#8221;default&#8221; bg_image_animation=&#8221;none&#8221; border_type=&#8221;simple&#8221; column_border_width=&#8221;none&#8221; column_border_style=&#8221;solid&#8221;][nectar_text_inline_images media_type=&#8221;images&#8221; image_size=&#8221;medium&#8221; image_effect=&#8221;none&#8221; media_roundness=&#8221;0px&#8221; image_loading=&#8221;default&#8221; text_direction=&#8221;default&#8221;]\n<p style=\"text-align: center;\"><strong>Von Buren Contemporary <\/strong>presenta<\/p>\n<p style=\"text-align: center;\"><strong><em>THE POETIC ENIGMA<\/em><\/strong><\/p>\n<p style=\"text-align: center;\">con le opere di<\/p>\n<p style=\"text-align: center;\"><strong>Lucianella Cafagna<br \/>\nOlmo Gasperini<\/strong><\/p>\n<p style=\"text-align: center;\"><strong>Donatella Izzo<\/strong><\/p>\n<p style=\"text-align: center;\"><strong>Claire Piredda<\/strong><\/p>\n<p style=\"text-align: center;\"><strong>Christina Thwaites<\/strong><\/p>\n<p style=\"text-align: center;\"><strong>\u00a0<\/strong>e con la poesie di<\/p>\n<p style=\"text-align: center;\"><strong>Maria Novella Tasselli<\/strong><\/p>\n<p style=\"text-align: center;\">Testo critico:<strong> Anna Gasperini<\/strong><\/p>\n<p style=\"text-align: center;\">Curatrice e organizzazione: <strong>Michele von B\u00fcren<\/strong><\/p>\n<p>&nbsp;<\/p>\n<p><em>Definire una cosa poetica significa esprimere il sentimento che suscita; non c<\/em><em>&#8216;<\/em><em>\u00e8 elogio pi\u00f9 grande di questo, e forse neanche possibilit\u00e0 di critica\u2026 Resta il fatto che il pittore capace di trasmettere ad altri il sentimento che egli stesso ha provato \u00e8 sempre un artista dotato di autentica forza, e questo basta\u2026<\/em><\/p>\n<p>Rivista <em>The Studio<\/em>, 1896<\/p>\n<p><strong>Von Buren Contemporary<\/strong> \u00e8 lieta di presentare <strong><em>The Poetic Enigma<\/em><\/strong><em>,<\/em> una mostra che esplora la natura squisitamente poetica del lavoro di alcuni artisti della galleria.<\/p>\n<p>Ciascuno degli artisti presenti in questa mostra \u2013 i pittori Lucianella Cafagna, Olmo Gasperini e Christina Thwaites, la fotografa Donatella Izzo e la scultrice Claire Piredda \u2013 ha un&#8217;intensa sensibilit\u00e0 poetica che attraversa le loro opere e ne definisce l&#8217;originalit\u00e0.<\/p>\n<p>Non esiste una formula pittorica per raggiungere questo sentimento poetico: pu\u00f2 essere visto e verificato solo dal risultato.<\/p>\n<p>Il lavoro di <strong>Lucianella Cafagna<\/strong>, incentrato sui temi dell&#8217;infanzia e della prima adolescenza, possiede una venatura malinconica con una inquietante capacit\u00e0 di catturare il fragile e il fugace. Il giovane pittore <strong>Olmo Gasperini <\/strong>invece ci trasporta in spazi vuoti all&#8217;interno dei quali possiamo trovare una poesia nascosta fatta di attese, di assenze che diventano presenze, di linee che non delimitano ma evocano.<\/p>\n<p>La fotografa <strong>Donatella Izzo<\/strong> d\u00e0 vita a ritratti permeati da una sospensione quasi mistica, in cui l&#8217;imperfezione diventa valore e le figure femminili appaiono avvolte in un tempo sacro, enigmatico e distante. La scultrice <strong>Claire Piredda<\/strong> ammalia con una nuova serie di figure femminili in terracotta dipinta che evocano il naturalismo della scuola scultorea francese del Settecento, mentre <strong>Christina Thwaites<\/strong> ci trasporta nel mondo dell&#8217;infanzia, con un tono di immobile poesia che ci apre le finestre sui ricordi di tempi passati.<\/p>\n<p>Ad accompagnare le opere alcuni versi della poetessa romana <strong>Maria Novella Tasselli<\/strong>, che con le sue parole incornicia e amplifica la poetica degli artisti, dimostrando come due forme d&#8217;arte, anche se diverse, unite si possono completare l&#8217;un l&#8217;altra.<\/p>\n<p><strong>Lucianella Cafagna<\/strong> \u00e8 nata a Roma nel 1968. Ha studiato all&#8217;\u00c9cole Nationale Sup\u00e9rieure des Beaux-Arts di Parigi e nello studio di Pierre Carron, pupillo di Balthus. Il suo lavoro \u00e8 stato affiliato al Realismo magico della Scuola romana e infatti ha tenuto due mostre personali a Palazzo Merulana \u2013 prestigioso polo museale che ospita proprio della Scuola romana un&#8217;importante collezione.<\/p>\n<p><strong>Olmo Gasperini<\/strong>, nato a Roma nel 1997, si e\u0300 laureato in Pittura all&#8217;Accademia di Belle Arti di Brera a Milano nel 2021 e ora sta completando il biennio. Il suo lavoro e\u0300 gia\u0300 stato esposto da note gallerie a Milano e Bologna.<\/p>\n<p><strong>Donatella Izzo<\/strong>, nata a Busto Arsizio nel 1979, utilizza la fotografia come medium prediletto per creare un universo personale ed intimistico. Le sue opere sono state acquistate da collezioni pubbliche e private e sono apparse sulle pagine di numerose riviste italiani ed internazionali.<\/p>\n<p><strong>Claire Piredda<\/strong> \u00e8 nata a Montr\u00e9al, Canada nel 1963. Artista versatile, a Roma ha studiato pittura all&#8217;Accademia di Belle Arti, scultura alla Temple Abroad\u00a0Tyler School Of Art, e ha frequentato l&#8217;Accademia Costume &amp; Moda.<\/p>\n<p><strong>Christina Thwaites<\/strong> \u00e8 cresciuta nel Derbyshire. Ha studiato Storia dell&#8217;Arte e Letteratura Francese all&#8217;Universit\u00e0 di Edimburgo in Scozia e all&#8217;Ecole du Louvre di Parigi. L&#8217;artista ha vissuto e lavorato in diversi luoghi come l&#8217;Australia e gli Stati Uniti, per poi tornare in Italia, a Trieste.<\/p>\n<p>&nbsp;<\/p>\n<p><strong>Ufficio stampa<br \/>\n<\/strong>Alessandra Lenzi | <a href=\"mailto:alessandralenzi.press@gmail.com\">alessandralenzi.press@gmail.com<\/a><br \/>\nTel: (+39) 320 5621416[\/nectar_text_inline_images][\/vc_column][\/vc_row]\n","protected":false},"excerpt":{"rendered":"<p>[vc_row type=&#8221;in_container&#8221; full_screen_row_position=&#8221;middle&#8221; column_margin=&#8221;60px&#8221; column_direction=&#8221;default&#8221; column_direction_tablet=&#8221;default&#8221; column_direction_phone=&#8221;default&#8221; scene_position=&#8221;center&#8221; text_color=&#8221;dark&#8221; text_align=&#8221;left&#8221; row_border_radius=&#8221;none&#8221; row_border_radius_applies=&#8221;bg&#8221; overflow=&#8221;visible&#8221; advanced_gradient_angle=&#8221;0&#8243; overlay_strength=&#8221;0.3&#8243; gradient_direction=&#8221;left_to_right&#8221; shape_divider_position=&#8221;bottom&#8221; bg_image_animation=&#8221;none&#8221; gradient_type=&#8221;default&#8221; shape_type=&#8221;&#8221;][vc_column column_padding=&#8221;no-extra-padding&#8221; column_padding_tablet=&#8221;inherit&#8221; column_padding_phone=&#8221;inherit&#8221; column_padding_position=&#8221;all&#8221; column_element_direction_desktop=&#8221;default&#8221; column_element_spacing=&#8221;default&#8221; desktop_text_alignment=&#8221;default&#8221; tablet_text_alignment=&#8221;default&#8221; phone_text_alignment=&#8221;default&#8221; background_color_opacity=&#8221;1&#8243;&#8230;<\/p>\n","protected":false},"author":4,"featured_media":59669,"comment_status":"closed","ping_status":"closed","sticky":false,"template":"","format":"standard","meta":{"_jetpack_memberships_contains_paid_content":false,"footnotes":""},"categories":[503],"tags":[],"class_list":{"0":"post-59674","1":"post","2":"type-post","3":"status-publish","4":"format-standard","5":"has-post-thumbnail","7":"category-2025-it"},"yoast_head":"<!-- This site is optimized with the Yoast SEO plugin v27.5 - https:\/\/yoast.com\/product\/yoast-seo-wordpress\/ -->\n<title>The Poetic Enigma | Maggio 2025 | Von Buren Contemporary<\/title>\n<meta name=\"robots\" content=\"index, follow, max-snippet:-1, max-image-preview:large, max-video-preview:-1\" \/>\n<link rel=\"canonical\" href=\"https:\/\/vonburencontemporary.com\/it\/the-poetic-enigma-may-2025\/\" \/>\n<meta property=\"og:locale\" content=\"it_IT\" \/>\n<meta property=\"og:type\" content=\"article\" \/>\n<meta property=\"og:title\" content=\"The Poetic Enigma | Maggio 2025 | Von Buren Contemporary\" \/>\n<meta property=\"og:description\" content=\"[vc_row type=&#8221;in_container&#8221; full_screen_row_position=&#8221;middle&#8221; column_margin=&#8221;60px&#8221; column_direction=&#8221;default&#8221; column_direction_tablet=&#8221;default&#8221; column_direction_phone=&#8221;default&#8221; scene_position=&#8221;center&#8221; text_color=&#8221;dark&#8221; text_align=&#8221;left&#8221; row_border_radius=&#8221;none&#8221; row_border_radius_applies=&#8221;bg&#8221; overflow=&#8221;visible&#8221; advanced_gradient_angle=&#8221;0&#8243; overlay_strength=&#8221;0.3&#8243; gradient_direction=&#8221;left_to_right&#8221; shape_divider_position=&#8221;bottom&#8221; bg_image_animation=&#8221;none&#8221; gradient_type=&#8221;default&#8221; shape_type=&#8221;&#8221;][vc_column column_padding=&#8221;no-extra-padding&#8221; column_padding_tablet=&#8221;inherit&#8221; column_padding_phone=&#8221;inherit&#8221; column_padding_position=&#8221;all&#8221; column_element_direction_desktop=&#8221;default&#8221; column_element_spacing=&#8221;default&#8221; desktop_text_alignment=&#8221;default&#8221; tablet_text_alignment=&#8221;default&#8221; phone_text_alignment=&#8221;default&#8221; background_color_opacity=&#8221;1&#8243;...\" \/>\n<meta property=\"og:url\" content=\"https:\/\/vonburencontemporary.com\/it\/the-poetic-enigma-may-2025\/\" \/>\n<meta property=\"og:site_name\" content=\"Von Buren Contemporary\" \/>\n<meta property=\"article:published_time\" content=\"2025-05-06T13:18:07+00:00\" \/>\n<meta property=\"article:modified_time\" content=\"2025-05-28T14:02:30+00:00\" \/>\n<meta property=\"og:image\" content=\"https:\/\/vonburencontemporary.com\/wp-content\/uploads\/2025\/05\/1.1_invito.jpg\" \/>\n\t<meta property=\"og:image:width\" content=\"2376\" \/>\n\t<meta property=\"og:image:height\" content=\"2376\" \/>\n\t<meta property=\"og:image:type\" content=\"image\/jpeg\" \/>\n<meta name=\"author\" content=\"Sofia\" \/>\n<meta name=\"twitter:card\" content=\"summary_large_image\" \/>\n<meta name=\"twitter:label1\" content=\"Scritto da\" \/>\n\t<meta name=\"twitter:data1\" content=\"Sofia\" \/>\n\t<meta name=\"twitter:label2\" content=\"Tempo di lettura stimato\" \/>\n\t<meta name=\"twitter:data2\" content=\"4 minuti\" \/>\n<script type=\"application\/ld+json\" class=\"yoast-schema-graph\">{\"@context\":\"https:\\\/\\\/schema.org\",\"@graph\":[{\"@type\":\"Article\",\"@id\":\"https:\\\/\\\/vonburencontemporary.com\\\/it\\\/the-poetic-enigma-may-2025\\\/#article\",\"isPartOf\":{\"@id\":\"https:\\\/\\\/vonburencontemporary.com\\\/it\\\/the-poetic-enigma-may-2025\\\/\"},\"author\":{\"name\":\"Sofia\",\"@id\":\"https:\\\/\\\/vonburencontemporary.com\\\/it\\\/#\\\/schema\\\/person\\\/42a365846f220efe3dbfb802ac7860bc\"},\"headline\":\"The Poetic Enigma | Maggio 2025\",\"datePublished\":\"2025-05-06T13:18:07+00:00\",\"dateModified\":\"2025-05-28T14:02:30+00:00\",\"mainEntityOfPage\":{\"@id\":\"https:\\\/\\\/vonburencontemporary.com\\\/it\\\/the-poetic-enigma-may-2025\\\/\"},\"wordCount\":1704,\"publisher\":{\"@id\":\"https:\\\/\\\/vonburencontemporary.com\\\/it\\\/#organization\"},\"image\":{\"@id\":\"https:\\\/\\\/vonburencontemporary.com\\\/it\\\/the-poetic-enigma-may-2025\\\/#primaryimage\"},\"thumbnailUrl\":\"https:\\\/\\\/vonburencontemporary.com\\\/wp-content\\\/uploads\\\/2025\\\/05\\\/1.1_invito.jpg\",\"articleSection\":[\"2025\"],\"inLanguage\":\"it-IT\"},{\"@type\":\"WebPage\",\"@id\":\"https:\\\/\\\/vonburencontemporary.com\\\/it\\\/the-poetic-enigma-may-2025\\\/\",\"url\":\"https:\\\/\\\/vonburencontemporary.com\\\/it\\\/the-poetic-enigma-may-2025\\\/\",\"name\":\"The Poetic Enigma | Maggio 2025 | Von Buren Contemporary\",\"isPartOf\":{\"@id\":\"https:\\\/\\\/vonburencontemporary.com\\\/it\\\/#website\"},\"primaryImageOfPage\":{\"@id\":\"https:\\\/\\\/vonburencontemporary.com\\\/it\\\/the-poetic-enigma-may-2025\\\/#primaryimage\"},\"image\":{\"@id\":\"https:\\\/\\\/vonburencontemporary.com\\\/it\\\/the-poetic-enigma-may-2025\\\/#primaryimage\"},\"thumbnailUrl\":\"https:\\\/\\\/vonburencontemporary.com\\\/wp-content\\\/uploads\\\/2025\\\/05\\\/1.1_invito.jpg\",\"datePublished\":\"2025-05-06T13:18:07+00:00\",\"dateModified\":\"2025-05-28T14:02:30+00:00\",\"breadcrumb\":{\"@id\":\"https:\\\/\\\/vonburencontemporary.com\\\/it\\\/the-poetic-enigma-may-2025\\\/#breadcrumb\"},\"inLanguage\":\"it-IT\",\"potentialAction\":[{\"@type\":\"ReadAction\",\"target\":[\"https:\\\/\\\/vonburencontemporary.com\\\/it\\\/the-poetic-enigma-may-2025\\\/\"]}]},{\"@type\":\"ImageObject\",\"inLanguage\":\"it-IT\",\"@id\":\"https:\\\/\\\/vonburencontemporary.com\\\/it\\\/the-poetic-enigma-may-2025\\\/#primaryimage\",\"url\":\"https:\\\/\\\/vonburencontemporary.com\\\/wp-content\\\/uploads\\\/2025\\\/05\\\/1.1_invito.jpg\",\"contentUrl\":\"https:\\\/\\\/vonburencontemporary.com\\\/wp-content\\\/uploads\\\/2025\\\/05\\\/1.1_invito.jpg\",\"width\":2376,\"height\":2376,\"caption\":\"poetic enigma\"},{\"@type\":\"BreadcrumbList\",\"@id\":\"https:\\\/\\\/vonburencontemporary.com\\\/it\\\/the-poetic-enigma-may-2025\\\/#breadcrumb\",\"itemListElement\":[{\"@type\":\"ListItem\",\"position\":1,\"name\":\"Home\",\"item\":\"https:\\\/\\\/vonburencontemporary.com\\\/it\\\/\"},{\"@type\":\"ListItem\",\"position\":2,\"name\":\"The Poetic Enigma | Maggio 2025\"}]},{\"@type\":\"WebSite\",\"@id\":\"https:\\\/\\\/vonburencontemporary.com\\\/it\\\/#website\",\"url\":\"https:\\\/\\\/vonburencontemporary.com\\\/it\\\/\",\"name\":\"Von Buren Contemporary\",\"description\":\"\",\"publisher\":{\"@id\":\"https:\\\/\\\/vonburencontemporary.com\\\/it\\\/#organization\"},\"potentialAction\":[{\"@type\":\"SearchAction\",\"target\":{\"@type\":\"EntryPoint\",\"urlTemplate\":\"https:\\\/\\\/vonburencontemporary.com\\\/it\\\/?s={search_term_string}\"},\"query-input\":{\"@type\":\"PropertyValueSpecification\",\"valueRequired\":true,\"valueName\":\"search_term_string\"}}],\"inLanguage\":\"it-IT\"},{\"@type\":\"Organization\",\"@id\":\"https:\\\/\\\/vonburencontemporary.com\\\/it\\\/#organization\",\"name\":\"Von Buren Contemporary\",\"url\":\"https:\\\/\\\/vonburencontemporary.com\\\/it\\\/\",\"logo\":{\"@type\":\"ImageObject\",\"inLanguage\":\"it-IT\",\"@id\":\"https:\\\/\\\/vonburencontemporary.com\\\/it\\\/#\\\/schema\\\/logo\\\/image\\\/\",\"url\":\"https:\\\/\\\/vonburencontemporary.com\\\/wp-content\\\/uploads\\\/2022\\\/03\\\/VBC-Logo-Colour.png\",\"contentUrl\":\"https:\\\/\\\/vonburencontemporary.com\\\/wp-content\\\/uploads\\\/2022\\\/03\\\/VBC-Logo-Colour.png\",\"width\":222,\"height\":216,\"caption\":\"Von Buren Contemporary\"},\"image\":{\"@id\":\"https:\\\/\\\/vonburencontemporary.com\\\/it\\\/#\\\/schema\\\/logo\\\/image\\\/\"},\"sameAs\":[\"https:\\\/\\\/www.instagram.com\\\/vonburen.contemporary\\\/\"]},{\"@type\":\"Person\",\"@id\":\"https:\\\/\\\/vonburencontemporary.com\\\/it\\\/#\\\/schema\\\/person\\\/42a365846f220efe3dbfb802ac7860bc\",\"name\":\"Sofia\",\"image\":{\"@type\":\"ImageObject\",\"inLanguage\":\"it-IT\",\"@id\":\"https:\\\/\\\/secure.gravatar.com\\\/avatar\\\/1af06f18e0117880332de320e72573d2053ea4a94599ee83beb1122cce08a78b?s=96&d=mm&r=g\",\"url\":\"https:\\\/\\\/secure.gravatar.com\\\/avatar\\\/1af06f18e0117880332de320e72573d2053ea4a94599ee83beb1122cce08a78b?s=96&d=mm&r=g\",\"contentUrl\":\"https:\\\/\\\/secure.gravatar.com\\\/avatar\\\/1af06f18e0117880332de320e72573d2053ea4a94599ee83beb1122cce08a78b?s=96&d=mm&r=g\",\"caption\":\"Sofia\"},\"url\":\"https:\\\/\\\/vonburencontemporary.com\\\/it\\\/author\\\/sofia\\\/\"}]}<\/script>\n<!-- \/ Yoast SEO plugin. -->","yoast_head_json":{"title":"The Poetic Enigma | Maggio 2025 | Von Buren Contemporary","robots":{"index":"index","follow":"follow","max-snippet":"max-snippet:-1","max-image-preview":"max-image-preview:large","max-video-preview":"max-video-preview:-1"},"canonical":"https:\/\/vonburencontemporary.com\/it\/the-poetic-enigma-may-2025\/","og_locale":"it_IT","og_type":"article","og_title":"The Poetic Enigma | Maggio 2025 | Von Buren Contemporary","og_description":"[vc_row type=&#8221;in_container&#8221; full_screen_row_position=&#8221;middle&#8221; column_margin=&#8221;60px&#8221; column_direction=&#8221;default&#8221; column_direction_tablet=&#8221;default&#8221; column_direction_phone=&#8221;default&#8221; scene_position=&#8221;center&#8221; text_color=&#8221;dark&#8221; text_align=&#8221;left&#8221; row_border_radius=&#8221;none&#8221; row_border_radius_applies=&#8221;bg&#8221; overflow=&#8221;visible&#8221; advanced_gradient_angle=&#8221;0&#8243; overlay_strength=&#8221;0.3&#8243; gradient_direction=&#8221;left_to_right&#8221; shape_divider_position=&#8221;bottom&#8221; bg_image_animation=&#8221;none&#8221; gradient_type=&#8221;default&#8221; shape_type=&#8221;&#8221;][vc_column column_padding=&#8221;no-extra-padding&#8221; column_padding_tablet=&#8221;inherit&#8221; column_padding_phone=&#8221;inherit&#8221; column_padding_position=&#8221;all&#8221; column_element_direction_desktop=&#8221;default&#8221; column_element_spacing=&#8221;default&#8221; desktop_text_alignment=&#8221;default&#8221; tablet_text_alignment=&#8221;default&#8221; phone_text_alignment=&#8221;default&#8221; background_color_opacity=&#8221;1&#8243;...","og_url":"https:\/\/vonburencontemporary.com\/it\/the-poetic-enigma-may-2025\/","og_site_name":"Von Buren Contemporary","article_published_time":"2025-05-06T13:18:07+00:00","article_modified_time":"2025-05-28T14:02:30+00:00","og_image":[{"width":2376,"height":2376,"url":"https:\/\/vonburencontemporary.com\/wp-content\/uploads\/2025\/05\/1.1_invito.jpg","type":"image\/jpeg"}],"author":"Sofia","twitter_card":"summary_large_image","twitter_misc":{"Scritto da":"Sofia","Tempo di lettura stimato":"4 minuti"},"schema":{"@context":"https:\/\/schema.org","@graph":[{"@type":"Article","@id":"https:\/\/vonburencontemporary.com\/it\/the-poetic-enigma-may-2025\/#article","isPartOf":{"@id":"https:\/\/vonburencontemporary.com\/it\/the-poetic-enigma-may-2025\/"},"author":{"name":"Sofia","@id":"https:\/\/vonburencontemporary.com\/it\/#\/schema\/person\/42a365846f220efe3dbfb802ac7860bc"},"headline":"The Poetic Enigma | Maggio 2025","datePublished":"2025-05-06T13:18:07+00:00","dateModified":"2025-05-28T14:02:30+00:00","mainEntityOfPage":{"@id":"https:\/\/vonburencontemporary.com\/it\/the-poetic-enigma-may-2025\/"},"wordCount":1704,"publisher":{"@id":"https:\/\/vonburencontemporary.com\/it\/#organization"},"image":{"@id":"https:\/\/vonburencontemporary.com\/it\/the-poetic-enigma-may-2025\/#primaryimage"},"thumbnailUrl":"https:\/\/vonburencontemporary.com\/wp-content\/uploads\/2025\/05\/1.1_invito.jpg","articleSection":["2025"],"inLanguage":"it-IT"},{"@type":"WebPage","@id":"https:\/\/vonburencontemporary.com\/it\/the-poetic-enigma-may-2025\/","url":"https:\/\/vonburencontemporary.com\/it\/the-poetic-enigma-may-2025\/","name":"The Poetic Enigma | Maggio 2025 | Von Buren Contemporary","isPartOf":{"@id":"https:\/\/vonburencontemporary.com\/it\/#website"},"primaryImageOfPage":{"@id":"https:\/\/vonburencontemporary.com\/it\/the-poetic-enigma-may-2025\/#primaryimage"},"image":{"@id":"https:\/\/vonburencontemporary.com\/it\/the-poetic-enigma-may-2025\/#primaryimage"},"thumbnailUrl":"https:\/\/vonburencontemporary.com\/wp-content\/uploads\/2025\/05\/1.1_invito.jpg","datePublished":"2025-05-06T13:18:07+00:00","dateModified":"2025-05-28T14:02:30+00:00","breadcrumb":{"@id":"https:\/\/vonburencontemporary.com\/it\/the-poetic-enigma-may-2025\/#breadcrumb"},"inLanguage":"it-IT","potentialAction":[{"@type":"ReadAction","target":["https:\/\/vonburencontemporary.com\/it\/the-poetic-enigma-may-2025\/"]}]},{"@type":"ImageObject","inLanguage":"it-IT","@id":"https:\/\/vonburencontemporary.com\/it\/the-poetic-enigma-may-2025\/#primaryimage","url":"https:\/\/vonburencontemporary.com\/wp-content\/uploads\/2025\/05\/1.1_invito.jpg","contentUrl":"https:\/\/vonburencontemporary.com\/wp-content\/uploads\/2025\/05\/1.1_invito.jpg","width":2376,"height":2376,"caption":"poetic enigma"},{"@type":"BreadcrumbList","@id":"https:\/\/vonburencontemporary.com\/it\/the-poetic-enigma-may-2025\/#breadcrumb","itemListElement":[{"@type":"ListItem","position":1,"name":"Home","item":"https:\/\/vonburencontemporary.com\/it\/"},{"@type":"ListItem","position":2,"name":"The Poetic Enigma | Maggio 2025"}]},{"@type":"WebSite","@id":"https:\/\/vonburencontemporary.com\/it\/#website","url":"https:\/\/vonburencontemporary.com\/it\/","name":"Von Buren Contemporary","description":"","publisher":{"@id":"https:\/\/vonburencontemporary.com\/it\/#organization"},"potentialAction":[{"@type":"SearchAction","target":{"@type":"EntryPoint","urlTemplate":"https:\/\/vonburencontemporary.com\/it\/?s={search_term_string}"},"query-input":{"@type":"PropertyValueSpecification","valueRequired":true,"valueName":"search_term_string"}}],"inLanguage":"it-IT"},{"@type":"Organization","@id":"https:\/\/vonburencontemporary.com\/it\/#organization","name":"Von Buren Contemporary","url":"https:\/\/vonburencontemporary.com\/it\/","logo":{"@type":"ImageObject","inLanguage":"it-IT","@id":"https:\/\/vonburencontemporary.com\/it\/#\/schema\/logo\/image\/","url":"https:\/\/vonburencontemporary.com\/wp-content\/uploads\/2022\/03\/VBC-Logo-Colour.png","contentUrl":"https:\/\/vonburencontemporary.com\/wp-content\/uploads\/2022\/03\/VBC-Logo-Colour.png","width":222,"height":216,"caption":"Von Buren Contemporary"},"image":{"@id":"https:\/\/vonburencontemporary.com\/it\/#\/schema\/logo\/image\/"},"sameAs":["https:\/\/www.instagram.com\/vonburen.contemporary\/"]},{"@type":"Person","@id":"https:\/\/vonburencontemporary.com\/it\/#\/schema\/person\/42a365846f220efe3dbfb802ac7860bc","name":"Sofia","image":{"@type":"ImageObject","inLanguage":"it-IT","@id":"https:\/\/secure.gravatar.com\/avatar\/1af06f18e0117880332de320e72573d2053ea4a94599ee83beb1122cce08a78b?s=96&d=mm&r=g","url":"https:\/\/secure.gravatar.com\/avatar\/1af06f18e0117880332de320e72573d2053ea4a94599ee83beb1122cce08a78b?s=96&d=mm&r=g","contentUrl":"https:\/\/secure.gravatar.com\/avatar\/1af06f18e0117880332de320e72573d2053ea4a94599ee83beb1122cce08a78b?s=96&d=mm&r=g","caption":"Sofia"},"url":"https:\/\/vonburencontemporary.com\/it\/author\/sofia\/"}]}},"jetpack_featured_media_url":"https:\/\/vonburencontemporary.com\/wp-content\/uploads\/2025\/05\/1.1_invito.jpg","jetpack_sharing_enabled":true,"_links":{"self":[{"href":"https:\/\/vonburencontemporary.com\/it\/wp-json\/wp\/v2\/posts\/59674","targetHints":{"allow":["GET"]}}],"collection":[{"href":"https:\/\/vonburencontemporary.com\/it\/wp-json\/wp\/v2\/posts"}],"about":[{"href":"https:\/\/vonburencontemporary.com\/it\/wp-json\/wp\/v2\/types\/post"}],"author":[{"embeddable":true,"href":"https:\/\/vonburencontemporary.com\/it\/wp-json\/wp\/v2\/users\/4"}],"replies":[{"embeddable":true,"href":"https:\/\/vonburencontemporary.com\/it\/wp-json\/wp\/v2\/comments?post=59674"}],"version-history":[{"count":6,"href":"https:\/\/vonburencontemporary.com\/it\/wp-json\/wp\/v2\/posts\/59674\/revisions"}],"predecessor-version":[{"id":61005,"href":"https:\/\/vonburencontemporary.com\/it\/wp-json\/wp\/v2\/posts\/59674\/revisions\/61005"}],"wp:featuredmedia":[{"embeddable":true,"href":"https:\/\/vonburencontemporary.com\/it\/wp-json\/wp\/v2\/media\/59669"}],"wp:attachment":[{"href":"https:\/\/vonburencontemporary.com\/it\/wp-json\/wp\/v2\/media?parent=59674"}],"wp:term":[{"taxonomy":"category","embeddable":true,"href":"https:\/\/vonburencontemporary.com\/it\/wp-json\/wp\/v2\/categories?post=59674"},{"taxonomy":"post_tag","embeddable":true,"href":"https:\/\/vonburencontemporary.com\/it\/wp-json\/wp\/v2\/tags?post=59674"}],"curies":[{"name":"wp","href":"https:\/\/api.w.org\/{rel}","templated":true}]}}