{"id":9181,"date":"2021-12-25T09:11:21","date_gmt":"2021-12-25T09:11:21","guid":{"rendered":"https:\/\/vbc.wpgmedia.it\/giuliano-macca-il-pianto-dei-vulcani-solo-show-december-2021\/"},"modified":"2023-06-20T14:32:33","modified_gmt":"2023-06-20T14:32:33","slug":"giuliano-macca-il-pianto-dei-vulcani-mostra-personale-dicembre-2021","status":"publish","type":"post","link":"https:\/\/vonburencontemporary.com\/it\/giuliano-macca-il-pianto-dei-vulcani-mostra-personale-dicembre-2021\/","title":{"rendered":"Macca | Il Pianto dei Vulcani | Dicembre 2021"},"content":{"rendered":"[vc_row type=&#8221;in_container&#8221; full_screen_row_position=&#8221;middle&#8221; column_margin=&#8221;60px&#8221; column_direction=&#8221;default&#8221; column_direction_tablet=&#8221;default&#8221; column_direction_phone=&#8221;default&#8221; scene_position=&#8221;center&#8221; text_color=&#8221;dark&#8221; text_align=&#8221;left&#8221; row_border_radius=&#8221;none&#8221; row_border_radius_applies=&#8221;bg&#8221; overflow=&#8221;visible&#8221; advanced_gradient_angle=&#8221;0&#8243; overlay_strength=&#8221;0.3&#8243; gradient_direction=&#8221;left_to_right&#8221; shape_divider_position=&#8221;bottom&#8221; bg_image_animation=&#8221;none&#8221; gradient_type=&#8221;default&#8221; shape_type=&#8221;&#8221;][vc_column column_padding=&#8221;no-extra-padding&#8221; column_padding_tablet=&#8221;inherit&#8221; column_padding_phone=&#8221;inherit&#8221; column_padding_position=&#8221;all&#8221; column_element_direction_desktop=&#8221;default&#8221; column_element_spacing=&#8221;default&#8221; desktop_text_alignment=&#8221;default&#8221; tablet_text_alignment=&#8221;default&#8221; phone_text_alignment=&#8221;default&#8221; background_color_opacity=&#8221;1&#8243; background_hover_color_opacity=&#8221;1&#8243; column_backdrop_filter=&#8221;none&#8221; column_shadow=&#8221;none&#8221; column_border_radius=&#8221;none&#8221; column_link_target=&#8221;_self&#8221; column_position=&#8221;default&#8221; gradient_direction=&#8221;left_to_right&#8221; overlay_strength=&#8221;0.3&#8243; width=&#8221;1\/1&#8243; tablet_width_inherit=&#8221;default&#8221; animation_type=&#8221;default&#8221; bg_image_animation=&#8221;none&#8221; border_type=&#8221;simple&#8221; column_border_width=&#8221;none&#8221; column_border_style=&#8221;solid&#8221;][vc_row_inner column_margin=&#8221;default&#8221; column_direction=&#8221;default&#8221; column_direction_tablet=&#8221;default&#8221; column_direction_phone=&#8221;default&#8221; text_align=&#8221;left&#8221; row_position=&#8221;default&#8221; row_position_tablet=&#8221;inherit&#8221; row_position_phone=&#8221;inherit&#8221; overflow=&#8221;visible&#8221; pointer_events=&#8221;all&#8221;][vc_column_inner column_padding=&#8221;no-extra-padding&#8221; column_padding_tablet=&#8221;inherit&#8221; column_padding_phone=&#8221;inherit&#8221; column_padding_position=&#8221;all&#8221; column_element_direction_desktop=&#8221;default&#8221; column_element_spacing=&#8221;default&#8221; centered_text=&#8221;true&#8221; desktop_text_alignment=&#8221;default&#8221; tablet_text_alignment=&#8221;default&#8221; phone_text_alignment=&#8221;default&#8221; background_color_opacity=&#8221;1&#8243; background_hover_color_opacity=&#8221;1&#8243; column_backdrop_filter=&#8221;none&#8221; column_shadow=&#8221;none&#8221; column_border_radius=&#8221;none&#8221; column_link_target=&#8221;_self&#8221; overflow=&#8221;visible&#8221; advanced_gradient_angle=&#8221;0&#8243; gradient_direction=&#8221;left_to_right&#8221; overlay_strength=&#8221;0.3&#8243; width=&#8221;1\/1&#8243; tablet_width_inherit=&#8221;default&#8221; animation_type=&#8221;default&#8221; bg_image_animation=&#8221;none&#8221; border_type=&#8221;simple&#8221; column_border_width=&#8221;none&#8221; column_border_style=&#8221;solid&#8221; gradient_type=&#8221;default&#8221;][image_with_animation image_url=&#8221;6237&#8243; image_size=&#8221;full&#8221; animation_type=&#8221;entrance&#8221; animation=&#8221;Fade In&#8221; animation_easing=&#8221;default&#8221; animation_movement_type=&#8221;transform_y&#8221; hover_animation=&#8221;none&#8221; alignment=&#8221;&#8221; border_radius=&#8221;none&#8221; box_shadow=&#8221;none&#8221; image_loading=&#8221;default&#8221; max_width=&#8221;100%&#8221; max_width_mobile=&#8221;default&#8221;][\/vc_column_inner][\/vc_row_inner][divider line_type=&#8221;No Line&#8221; custom_height=&#8221;15&#8243;][vc_row_inner equal_height=&#8221;yes&#8221; content_placement=&#8221;middle&#8221; column_margin=&#8221;default&#8221; column_direction=&#8221;default&#8221; column_direction_tablet=&#8221;default&#8221; column_direction_phone=&#8221;default&#8221; text_align=&#8221;left&#8221; row_position=&#8221;default&#8221; row_position_tablet=&#8221;inherit&#8221; row_position_phone=&#8221;inherit&#8221; overflow=&#8221;visible&#8221; pointer_events=&#8221;all&#8221;][vc_column_inner column_padding=&#8221;no-extra-padding&#8221; column_padding_tablet=&#8221;inherit&#8221; column_padding_phone=&#8221;inherit&#8221; column_padding_position=&#8221;all&#8221; column_element_direction_desktop=&#8221;default&#8221; column_element_spacing=&#8221;default&#8221; desktop_text_alignment=&#8221;default&#8221; tablet_text_alignment=&#8221;default&#8221; phone_text_alignment=&#8221;default&#8221; background_color_opacity=&#8221;1&#8243; background_hover_color_opacity=&#8221;1&#8243; column_backdrop_filter=&#8221;none&#8221; column_shadow=&#8221;none&#8221; column_border_radius=&#8221;none&#8221; column_link_target=&#8221;_self&#8221; overflow=&#8221;visible&#8221; gradient_direction=&#8221;left_to_right&#8221; overlay_strength=&#8221;0.3&#8243; width=&#8221;2\/3&#8243; tablet_width_inherit=&#8221;default&#8221; animation_type=&#8221;default&#8221; bg_image_animation=&#8221;none&#8221; border_type=&#8221;simple&#8221; column_border_width=&#8221;none&#8221; column_border_style=&#8221;solid&#8221;][vc_column_text]\n<div id=\"comp-l08crjji\" class=\"_1Q9if\" data-testid=\"richTextElement\">\n<h3 class=\"font_8\"><span class=\"color_14\">INFO<\/span><\/h3>\n<\/div>\n[\/vc_column_text][vc_column_text]\n<div id=\"comp-l08crjji\" class=\"_1Q9if\" data-testid=\"richTextElement\"><em>Il pianto dei vulcani<\/em> mostra personale di <strong>Giuliano Macca<\/strong><\/div>\n<div data-testid=\"richTextElement\">8 Dicembre &#8211; 5 Febbraio 2022<\/div>\n<p><a href=\"https:\/\/www.google.it\/maps\/place\/Von+Buren+Contemporary\/@41.8954679,12.4665949,17z\/data=!3m1!4b1!4m5!3m4!1s0x132f6046264c1b37:0xae32d8f07e934c59!8m2!3d41.8954593!4d12.4687749\" target=\"_blank\" rel=\"noopener\">Von Buren Contemporary, Via Giulia 13, 00186 Rome<\/a>[\/vc_column_text][\/vc_column_inner][vc_column_inner column_padding=&#8221;padding-2-percent&#8221; column_padding_tablet=&#8221;inherit&#8221; column_padding_phone=&#8221;inherit&#8221; column_padding_position=&#8221;top&#8221; column_element_direction_desktop=&#8221;default&#8221; column_element_spacing=&#8221;default&#8221; centered_text=&#8221;true&#8221; desktop_text_alignment=&#8221;default&#8221; tablet_text_alignment=&#8221;default&#8221; phone_text_alignment=&#8221;default&#8221; background_color_opacity=&#8221;1&#8243; background_hover_color_opacity=&#8221;1&#8243; column_backdrop_filter=&#8221;none&#8221; column_shadow=&#8221;none&#8221; column_border_radius=&#8221;none&#8221; column_link_target=&#8221;_self&#8221; overflow=&#8221;visible&#8221; advanced_gradient_angle=&#8221;0&#8243; gradient_direction=&#8221;left_to_right&#8221; overlay_strength=&#8221;0.3&#8243; width=&#8221;1\/3&#8243; tablet_width_inherit=&#8221;default&#8221; animation_type=&#8221;default&#8221; bg_image_animation=&#8221;none&#8221; border_type=&#8221;simple&#8221; column_border_width=&#8221;none&#8221; column_border_style=&#8221;solid&#8221; gradient_type=&#8221;default&#8221;][nectar_btn size=&#8221;jumbo&#8221; open_new_tab=&#8221;true&#8221; button_style=&#8221;regular&#8221; button_color_2=&#8221;Extra-Color-1&#8243; solid_text_color_override=&#8221;#ffffff&#8221; icon_family=&#8221;none&#8221; el_class=&#8221;full-size&#8221; text=&#8221;COMUNICATO STAMPA&#8221; url=&#8221;http:\/\/vonburencontemporary.com\/wp-content\/uploads\/2022\/04\/Comunicato-stampa-Giuliano-Macca-Il-Pianto-dei-Vulcani-aggiornato-29-novembre.pdf&#8221;][\/vc_column_inner][\/vc_row_inner][vc_column_text]\n<div id=\"comp-kyj0o8fn\" class=\"_2Hij5\" data-testid=\"richTextElement\">\n<p class=\"font_0\" style=\"text-align: center;\">Guarda il video della mostra personale di<br \/>\nGiuliano Macca<\/p>\n<\/div>\n[\/vc_column_text][vc_video link=&#8221;https:\/\/youtu.be\/80-5wiTlMeM&#8221; el_width=&#8221;70&#8243; align=&#8221;center&#8221;][vc_column_text]\n<div id=\"comp-kyj0o8fn\" class=\"_2Hij5\" data-testid=\"richTextElement\">\n<div id=\"comp-kyj0oqq6\" class=\"_2Hij5\" data-testid=\"richTextElement\">\n<p class=\"font_0\" style=\"text-align: center;\">Von Buren Contemporary racconta la mostra di Giuliano Macca: intervista con l&#8217;artista e la gallerista<br \/>\nMichele von Buren<\/p>\n<\/div>\n<\/div>\n[\/vc_column_text][vc_video link=&#8221;https:\/\/youtu.be\/rhe31iIMkdM&#8221; el_width=&#8221;70&#8243; align=&#8221;center&#8221;][vc_row_inner column_margin=&#8221;default&#8221; column_direction=&#8221;default&#8221; column_direction_tablet=&#8221;default&#8221; column_direction_phone=&#8221;default&#8221; text_align=&#8221;left&#8221; row_position=&#8221;default&#8221; row_position_tablet=&#8221;inherit&#8221; row_position_phone=&#8221;inherit&#8221; overflow=&#8221;visible&#8221; pointer_events=&#8221;all&#8221;][vc_column_inner column_padding=&#8221;no-extra-padding&#8221; column_padding_tablet=&#8221;inherit&#8221; column_padding_phone=&#8221;inherit&#8221; column_padding_position=&#8221;all&#8221; column_element_direction_desktop=&#8221;default&#8221; column_element_spacing=&#8221;default&#8221; desktop_text_alignment=&#8221;default&#8221; tablet_text_alignment=&#8221;default&#8221; phone_text_alignment=&#8221;default&#8221; background_color_opacity=&#8221;1&#8243; background_hover_color_opacity=&#8221;1&#8243; column_backdrop_filter=&#8221;none&#8221; column_shadow=&#8221;none&#8221; column_border_radius=&#8221;none&#8221; column_link_target=&#8221;_self&#8221; overflow=&#8221;visible&#8221; gradient_direction=&#8221;left_to_right&#8221; overlay_strength=&#8221;0.3&#8243; width=&#8221;1\/1&#8243; tablet_width_inherit=&#8221;default&#8221; animation_type=&#8221;default&#8221; bg_image_animation=&#8221;none&#8221; border_type=&#8221;simple&#8221; column_border_width=&#8221;none&#8221; column_border_style=&#8221;solid&#8221;][vc_gallery type=&#8221;image_grid&#8221; images=&#8221;6246,6248,6250,6252,6254,6256,6258,6260,6262,6264,6266,6268,6270,6272,6274,6276,6278,6280,6282,6284,6286,6288,6290,6292,6294,6296,6298&#8243; image_grid_loading=&#8221;lazy-load&#8221; layout=&#8221;3&#8243; item_spacing=&#8221;default&#8221; gallery_style=&#8221;7&#8243; load_in_animation=&#8221;fade_in_from_bottom&#8221;][vc_column_text]\n<div id=\"comp-kwlxuewl\" class=\"_2Hij5\" data-testid=\"richTextElement\">\n<blockquote>\n<p class=\"font_8\">[&#8230;] \u00e8 nella sua evocazione della debolezza del vulcano, la sua solitudine, le sue lacrime che Macca ci restituisce una nota nuova e lacerante. I suoi soggetti, mentre si crogiolano nelle acque ai piedi di montagne infuocate, non sono altro che lo specchio della fragilit\u00e0 di un gigante che pu\u00f2 s\u00ec sprizzare fuoco e furia, ma in realt\u00e0 sta preparando il palcoscenico per la propria morte solitaria.<\/p>\n<\/blockquote>\n<p class=\"font_8\"><strong>Ferzan \u00d6zpetek<\/strong><\/p>\n<p style=\"text-align: justify;\">Von Buren Contemporary presenta Il pianto dei vulcani la mostra personale del giovane artista italiano Giuliano Macca, accompagnata da un testo di presentazione di Ferzan \u00d6zpetek.<\/p>\n<p style=\"text-align: justify;\">Macca si \u00e8 ispirato, per questa inedita collezione di dipinti e disegni, all&#8217;immagine imponente del vulcano: Macca proviene dalla Sicilia, isola del fuoco e dell\u2019acqua, dominata da vette vulcaniche, ma allo stesso tempo terra immersa nell&#8217;acqua. Sono questi contrasti, l&#8217;incessante bruciare e spegnere, che fanno da sfondo palpitante alle ultime creazioni dell&#8217;artista.<\/p>\n<p style=\"text-align: justify;\">Il Pianto dei Vulcani \u00e8 la seconda iniziativa appositamente scelta per celebrare l&#8217;apertura del nuovo spazio della galleria in Via Giulia 13 e il suo cambio di nome, passando da RvB Arts a Von Buren Contemporary.<\/p>\n<p style=\"text-align: justify;\">\u200bGiuliano Macca nasce a Noto in Sicilia nel 1988. Intraprende i suoi studi presso l\u2019Accademia di Belle Arti di Roma dove consegue la laurea in pittura.<\/p>\n<p style=\"text-align: justify;\">Il suo approccio alle arti visive avviene inizialmente attraverso il mondo della Street Art e nel 2016, una sua performance artistica viene presentata al MAAM (Museo dell\u2019Altro e dell\u2019Altrove) di Roma. Alla fine del 2018 entra a far parte del team di Von Buren Contemporary, all\u2019epoca RvB Arts. Nel settembre 2020 inaugura la mostra La solitudine degli angeli a cura di Vittorio Sgarbi presso Etra Studio Tommasi, segnando un altro importante capitolo della sua carriera. Nel dicembre dello stesso anno, nel periodo di difficolta\u0300 legato alla pandemia Covid-19, e\u0300 la volta della visionaria rappresentazione a Castiglion Fiorentino, L\u2019Abbraccio, che rappresenta un passionale abbraccio stampato su carta calpestabile che copre una superficie di 1200 mq ai piedi della rinascimentale Torre del Cassero. Entra a far parte della galleria Gowen Contemporary di Ginevra esponendo per la prima volta a novembre 2021, con un\u2019installazione di 5 mq realizzato con acquerello e penna BIC su carta e diviso poi in 79 parti.<\/p>\n<p style=\"text-align: justify;\">Macca dipinge principalmente con olio e penna Bic. Pur essendo un figurativo, l\u2019artista crea un&#8217;atmosfera metafisica piuttosto che realistica o narrativa. I suoi ritratti eterei evocano il lato oscuro della vita: nichilismo, solitudine e desiderio in un mix ammaliante che sottolinea la fragilit\u00e0 della condizione umana.<\/p>\n<p style=\"text-align: justify;\">Molto attivo sui social media, Macca ha ottenuto negli ultimi anni un seguito esponenziale in tutto il mondo con oltre 118.000 followers su Instagram.<\/p>\n<\/div>\n<div id=\"comp-kyvqi9pd\" class=\"_2Hij5\" data-testid=\"richTextElement\">\n<h3 class=\"font_8\" style=\"text-align: justify;\">Macca scende sulla terra<\/h3>\n<p style=\"text-align: justify;\">Abituati a vedere i suoi angeli, sospesi in un cielo pallido e luminoso, ora scendiamo sulla terra, una terra calda e fumante per giunta. Dal Cielo al Vulcano \u2013 \u00e8 difficile immaginare un&#8217;evoluzione pi\u00f9 calzante nell&#8217;opera di Giuliano Macca.<\/p>\n<p style=\"text-align: justify;\">Perch\u00e9 il vulcano parla della terra di questo giovane artista siciliano, dell&#8217;isola che ha nutrito il suo dono. Ci lasciamo alle spalle spettri sospesi nell&#8217;aria e Abbracci fluttuanti per ritrovarci sotto, a contorcerci in acque vaporose e laghi di lava striati di rosso, riscaldati da un flusso fuso di lacrime vulcaniche. Ancora una volta Macca colpisce nel segno mentre va cercando dove emozioni e sentimenti giacciono sigillati, soffocati, fino all&#8217;istante in cui si liberano dalla costrizione ed eruttano, sollecitati dall&#8217;immaginario vulcanico che vediamo davanti a noi.<\/p>\n<p style=\"text-align: justify;\">\u00c8 giusto che sia il vulcano ad accendere ora la febbrile fantasia di Giuliano Macca. Quale migliore metafora per questo artista esplosivo? Eppure, attenzione! Il vulcano \u00e8 l&#8217;emblema della passione, ma, come la passione, pu\u00f2 anche morire, e ogni vulcano rischia di diventare vittima e tomba della propria violenza.<\/p>\n<p style=\"text-align: justify;\">Apparentemente supremo e intoccabile, che esercita un incredibile potere sulla vita e sulla morte, anch\u2019esso \u00e8 vulnerabile &#8211; ed \u00e8 questo aspetto vitale ma meno considerato su cui Macca torna ancora e ancora. I suoi dipinti drammatici evocano le simmetrie pi\u00f9 immediate: la potenza distruttiva e la mutevole personalit\u00e0 del vulcano, con le sue funzioni vive e respiranti, riflette la nostra esistenza imprevedibile, dove passioni sopite o represse sono pronte a esplodere da un momento all&#8217;altro con un potenziale forza devastante. Ma \u00e8 nella sua evocazione della debolezza del vulcano, la sua solitudine, le sue lacrime, che Macca ci restituisce una nota nuova e lacerante. I suoi soggetti, mentre si crogiolano nelle acque ai piedi di montagne infuocate, non sono altro che lo specchio della fragilit\u00e0 di un gigante che pu\u00f2 s\u00ec sprizzare fuoco e furia, ma in realt\u00e0 sta preparando il palcoscenico per la propria morte solitaria.<\/p>\n<p class=\"font_8\" style=\"text-align: right;\"><strong>Ferzan \u00d6zpetek<\/strong><\/p>\n<\/div>\n[\/vc_column_text][\/vc_column_inner][\/vc_row_inner][\/vc_column][\/vc_row]\n","protected":false},"excerpt":{"rendered":"<p>[vc_row type=&#8221;in_container&#8221; full_screen_row_position=&#8221;middle&#8221; column_margin=&#8221;60px&#8221; column_direction=&#8221;default&#8221; column_direction_tablet=&#8221;default&#8221; column_direction_phone=&#8221;default&#8221; scene_position=&#8221;center&#8221; text_color=&#8221;dark&#8221; text_align=&#8221;left&#8221; row_border_radius=&#8221;none&#8221; row_border_radius_applies=&#8221;bg&#8221; overflow=&#8221;visible&#8221; advanced_gradient_angle=&#8221;0&#8243; overlay_strength=&#8221;0.3&#8243; gradient_direction=&#8221;left_to_right&#8221; shape_divider_position=&#8221;bottom&#8221; bg_image_animation=&#8221;none&#8221; gradient_type=&#8221;default&#8221; shape_type=&#8221;&#8221;][vc_column column_padding=&#8221;no-extra-padding&#8221; column_padding_tablet=&#8221;inherit&#8221; column_padding_phone=&#8221;inherit&#8221; column_padding_position=&#8221;all&#8221; column_element_direction_desktop=&#8221;default&#8221; column_element_spacing=&#8221;default&#8221; desktop_text_alignment=&#8221;default&#8221; tablet_text_alignment=&#8221;default&#8221; phone_text_alignment=&#8221;default&#8221; background_color_opacity=&#8221;1&#8243;&#8230;<\/p>\n","protected":false},"author":1,"featured_media":6236,"comment_status":"closed","ping_status":"closed","sticky":false,"template":"","format":"standard","meta":{"_jetpack_memberships_contains_paid_content":false,"footnotes":""},"categories":[105],"tags":[],"class_list":{"0":"post-9181","1":"post","2":"type-post","3":"status-publish","4":"format-standard","5":"has-post-thumbnail","7":"category-2021-it"},"yoast_head":"<!-- This site is optimized with the Yoast SEO plugin v27.5 - https:\/\/yoast.com\/product\/yoast-seo-wordpress\/ -->\n<title>Giuliano Macca | Il Piano dei vulcani | Von Buren Contemporary<\/title>\n<meta name=\"description\" content=\"Von Buren Contemporary presenta Il pianto dei vulcani, mostra personale di Giuliano Macca. Dicembre 2021-Gennaio 2022. Via Giulia 13, Roma.\" \/>\n<meta name=\"robots\" content=\"index, follow, max-snippet:-1, max-image-preview:large, max-video-preview:-1\" \/>\n<link rel=\"canonical\" href=\"https:\/\/vonburencontemporary.com\/it\/giuliano-macca-il-pianto-dei-vulcani-mostra-personale-dicembre-2021\/\" \/>\n<meta property=\"og:locale\" content=\"it_IT\" \/>\n<meta property=\"og:type\" content=\"article\" \/>\n<meta property=\"og:title\" content=\"Giuliano Macca | Il Piano dei vulcani | Von Buren Contemporary\" \/>\n<meta property=\"og:description\" content=\"Von Buren Contemporary presenta Il pianto dei vulcani, mostra personale di Giuliano Macca. Dicembre 2021-Gennaio 2022. Via Giulia 13, Roma.\" \/>\n<meta property=\"og:url\" content=\"https:\/\/vonburencontemporary.com\/it\/giuliano-macca-il-pianto-dei-vulcani-mostra-personale-dicembre-2021\/\" \/>\n<meta property=\"og:site_name\" content=\"Von Buren Contemporary\" \/>\n<meta property=\"article:published_time\" content=\"2021-12-25T09:11:21+00:00\" \/>\n<meta property=\"article:modified_time\" content=\"2023-06-20T14:32:33+00:00\" \/>\n<meta property=\"og:image\" content=\"https:\/\/vonburencontemporary.com\/wp-content\/uploads\/2022\/04\/vulcani-featured.jpg\" \/>\n\t<meta property=\"og:image:width\" content=\"1137\" \/>\n\t<meta property=\"og:image:height\" content=\"790\" \/>\n\t<meta property=\"og:image:type\" content=\"image\/jpeg\" \/>\n<meta name=\"author\" content=\"admin\" \/>\n<meta name=\"twitter:card\" content=\"summary_large_image\" \/>\n<meta name=\"twitter:label1\" content=\"Scritto da\" \/>\n\t<meta name=\"twitter:data1\" content=\"admin\" \/>\n\t<meta name=\"twitter:label2\" content=\"Tempo di lettura stimato\" \/>\n\t<meta name=\"twitter:data2\" content=\"5 minuti\" \/>\n<script type=\"application\/ld+json\" class=\"yoast-schema-graph\">{\"@context\":\"https:\\\/\\\/schema.org\",\"@graph\":[{\"@type\":\"Article\",\"@id\":\"https:\\\/\\\/vonburencontemporary.com\\\/it\\\/giuliano-macca-il-pianto-dei-vulcani-mostra-personale-dicembre-2021\\\/#article\",\"isPartOf\":{\"@id\":\"https:\\\/\\\/vonburencontemporary.com\\\/it\\\/giuliano-macca-il-pianto-dei-vulcani-mostra-personale-dicembre-2021\\\/\"},\"author\":{\"name\":\"admin\",\"@id\":\"https:\\\/\\\/vonburencontemporary.com\\\/it\\\/#\\\/schema\\\/person\\\/ea111bd4c856049908311a25b5a0e770\"},\"headline\":\"Macca | Il Pianto dei Vulcani | Dicembre 2021\",\"datePublished\":\"2021-12-25T09:11:21+00:00\",\"dateModified\":\"2023-06-20T14:32:33+00:00\",\"mainEntityOfPage\":{\"@id\":\"https:\\\/\\\/vonburencontemporary.com\\\/it\\\/giuliano-macca-il-pianto-dei-vulcani-mostra-personale-dicembre-2021\\\/\"},\"wordCount\":1672,\"publisher\":{\"@id\":\"https:\\\/\\\/vonburencontemporary.com\\\/it\\\/#organization\"},\"image\":{\"@id\":\"https:\\\/\\\/vonburencontemporary.com\\\/it\\\/giuliano-macca-il-pianto-dei-vulcani-mostra-personale-dicembre-2021\\\/#primaryimage\"},\"thumbnailUrl\":\"https:\\\/\\\/vonburencontemporary.com\\\/wp-content\\\/uploads\\\/2022\\\/04\\\/vulcani-featured.jpg\",\"articleSection\":[\"2021\"],\"inLanguage\":\"it-IT\"},{\"@type\":\"WebPage\",\"@id\":\"https:\\\/\\\/vonburencontemporary.com\\\/it\\\/giuliano-macca-il-pianto-dei-vulcani-mostra-personale-dicembre-2021\\\/\",\"url\":\"https:\\\/\\\/vonburencontemporary.com\\\/it\\\/giuliano-macca-il-pianto-dei-vulcani-mostra-personale-dicembre-2021\\\/\",\"name\":\"Giuliano Macca | Il Piano dei vulcani | Von Buren Contemporary\",\"isPartOf\":{\"@id\":\"https:\\\/\\\/vonburencontemporary.com\\\/it\\\/#website\"},\"primaryImageOfPage\":{\"@id\":\"https:\\\/\\\/vonburencontemporary.com\\\/it\\\/giuliano-macca-il-pianto-dei-vulcani-mostra-personale-dicembre-2021\\\/#primaryimage\"},\"image\":{\"@id\":\"https:\\\/\\\/vonburencontemporary.com\\\/it\\\/giuliano-macca-il-pianto-dei-vulcani-mostra-personale-dicembre-2021\\\/#primaryimage\"},\"thumbnailUrl\":\"https:\\\/\\\/vonburencontemporary.com\\\/wp-content\\\/uploads\\\/2022\\\/04\\\/vulcani-featured.jpg\",\"datePublished\":\"2021-12-25T09:11:21+00:00\",\"dateModified\":\"2023-06-20T14:32:33+00:00\",\"description\":\"Von Buren Contemporary presenta Il pianto dei vulcani, mostra personale di Giuliano Macca. Dicembre 2021-Gennaio 2022. Via Giulia 13, Roma.\",\"breadcrumb\":{\"@id\":\"https:\\\/\\\/vonburencontemporary.com\\\/it\\\/giuliano-macca-il-pianto-dei-vulcani-mostra-personale-dicembre-2021\\\/#breadcrumb\"},\"inLanguage\":\"it-IT\",\"potentialAction\":[{\"@type\":\"ReadAction\",\"target\":[\"https:\\\/\\\/vonburencontemporary.com\\\/it\\\/giuliano-macca-il-pianto-dei-vulcani-mostra-personale-dicembre-2021\\\/\"]}]},{\"@type\":\"ImageObject\",\"inLanguage\":\"it-IT\",\"@id\":\"https:\\\/\\\/vonburencontemporary.com\\\/it\\\/giuliano-macca-il-pianto-dei-vulcani-mostra-personale-dicembre-2021\\\/#primaryimage\",\"url\":\"https:\\\/\\\/vonburencontemporary.com\\\/wp-content\\\/uploads\\\/2022\\\/04\\\/vulcani-featured.jpg\",\"contentUrl\":\"https:\\\/\\\/vonburencontemporary.com\\\/wp-content\\\/uploads\\\/2022\\\/04\\\/vulcani-featured.jpg\",\"width\":1137,\"height\":790,\"caption\":\"giuliano macca, il pianto dei vulcani\"},{\"@type\":\"BreadcrumbList\",\"@id\":\"https:\\\/\\\/vonburencontemporary.com\\\/it\\\/giuliano-macca-il-pianto-dei-vulcani-mostra-personale-dicembre-2021\\\/#breadcrumb\",\"itemListElement\":[{\"@type\":\"ListItem\",\"position\":1,\"name\":\"Home\",\"item\":\"https:\\\/\\\/vonburencontemporary.com\\\/it\\\/\"},{\"@type\":\"ListItem\",\"position\":2,\"name\":\"Macca | Il Pianto dei Vulcani | Dicembre 2021\"}]},{\"@type\":\"WebSite\",\"@id\":\"https:\\\/\\\/vonburencontemporary.com\\\/it\\\/#website\",\"url\":\"https:\\\/\\\/vonburencontemporary.com\\\/it\\\/\",\"name\":\"Von Buren Contemporary\",\"description\":\"\",\"publisher\":{\"@id\":\"https:\\\/\\\/vonburencontemporary.com\\\/it\\\/#organization\"},\"potentialAction\":[{\"@type\":\"SearchAction\",\"target\":{\"@type\":\"EntryPoint\",\"urlTemplate\":\"https:\\\/\\\/vonburencontemporary.com\\\/it\\\/?s={search_term_string}\"},\"query-input\":{\"@type\":\"PropertyValueSpecification\",\"valueRequired\":true,\"valueName\":\"search_term_string\"}}],\"inLanguage\":\"it-IT\"},{\"@type\":\"Organization\",\"@id\":\"https:\\\/\\\/vonburencontemporary.com\\\/it\\\/#organization\",\"name\":\"Von Buren Contemporary\",\"url\":\"https:\\\/\\\/vonburencontemporary.com\\\/it\\\/\",\"logo\":{\"@type\":\"ImageObject\",\"inLanguage\":\"it-IT\",\"@id\":\"https:\\\/\\\/vonburencontemporary.com\\\/it\\\/#\\\/schema\\\/logo\\\/image\\\/\",\"url\":\"https:\\\/\\\/vonburencontemporary.com\\\/wp-content\\\/uploads\\\/2022\\\/03\\\/VBC-Logo-Colour.png\",\"contentUrl\":\"https:\\\/\\\/vonburencontemporary.com\\\/wp-content\\\/uploads\\\/2022\\\/03\\\/VBC-Logo-Colour.png\",\"width\":222,\"height\":216,\"caption\":\"Von Buren Contemporary\"},\"image\":{\"@id\":\"https:\\\/\\\/vonburencontemporary.com\\\/it\\\/#\\\/schema\\\/logo\\\/image\\\/\"},\"sameAs\":[\"https:\\\/\\\/www.instagram.com\\\/vonburen.contemporary\\\/\"]},{\"@type\":\"Person\",\"@id\":\"https:\\\/\\\/vonburencontemporary.com\\\/it\\\/#\\\/schema\\\/person\\\/ea111bd4c856049908311a25b5a0e770\",\"name\":\"admin\",\"image\":{\"@type\":\"ImageObject\",\"inLanguage\":\"it-IT\",\"@id\":\"https:\\\/\\\/secure.gravatar.com\\\/avatar\\\/f1d9679bdf13153605a272267f57e526ca189c4237c00fcfc54854d1a5b43e70?s=96&d=mm&r=g\",\"url\":\"https:\\\/\\\/secure.gravatar.com\\\/avatar\\\/f1d9679bdf13153605a272267f57e526ca189c4237c00fcfc54854d1a5b43e70?s=96&d=mm&r=g\",\"contentUrl\":\"https:\\\/\\\/secure.gravatar.com\\\/avatar\\\/f1d9679bdf13153605a272267f57e526ca189c4237c00fcfc54854d1a5b43e70?s=96&d=mm&r=g\",\"caption\":\"admin\"},\"url\":\"https:\\\/\\\/vonburencontemporary.com\\\/it\\\/author\\\/warren_i2c48846\\\/\"}]}<\/script>\n<!-- \/ Yoast SEO plugin. -->","yoast_head_json":{"title":"Giuliano Macca | Il Piano dei vulcani | Von Buren Contemporary","description":"Von Buren Contemporary presenta Il pianto dei vulcani, mostra personale di Giuliano Macca. Dicembre 2021-Gennaio 2022. Via Giulia 13, Roma.","robots":{"index":"index","follow":"follow","max-snippet":"max-snippet:-1","max-image-preview":"max-image-preview:large","max-video-preview":"max-video-preview:-1"},"canonical":"https:\/\/vonburencontemporary.com\/it\/giuliano-macca-il-pianto-dei-vulcani-mostra-personale-dicembre-2021\/","og_locale":"it_IT","og_type":"article","og_title":"Giuliano Macca | Il Piano dei vulcani | Von Buren Contemporary","og_description":"Von Buren Contemporary presenta Il pianto dei vulcani, mostra personale di Giuliano Macca. Dicembre 2021-Gennaio 2022. Via Giulia 13, Roma.","og_url":"https:\/\/vonburencontemporary.com\/it\/giuliano-macca-il-pianto-dei-vulcani-mostra-personale-dicembre-2021\/","og_site_name":"Von Buren Contemporary","article_published_time":"2021-12-25T09:11:21+00:00","article_modified_time":"2023-06-20T14:32:33+00:00","og_image":[{"width":1137,"height":790,"url":"https:\/\/vonburencontemporary.com\/wp-content\/uploads\/2022\/04\/vulcani-featured.jpg","type":"image\/jpeg"}],"author":"admin","twitter_card":"summary_large_image","twitter_misc":{"Scritto da":"admin","Tempo di lettura stimato":"5 minuti"},"schema":{"@context":"https:\/\/schema.org","@graph":[{"@type":"Article","@id":"https:\/\/vonburencontemporary.com\/it\/giuliano-macca-il-pianto-dei-vulcani-mostra-personale-dicembre-2021\/#article","isPartOf":{"@id":"https:\/\/vonburencontemporary.com\/it\/giuliano-macca-il-pianto-dei-vulcani-mostra-personale-dicembre-2021\/"},"author":{"name":"admin","@id":"https:\/\/vonburencontemporary.com\/it\/#\/schema\/person\/ea111bd4c856049908311a25b5a0e770"},"headline":"Macca | Il Pianto dei Vulcani | Dicembre 2021","datePublished":"2021-12-25T09:11:21+00:00","dateModified":"2023-06-20T14:32:33+00:00","mainEntityOfPage":{"@id":"https:\/\/vonburencontemporary.com\/it\/giuliano-macca-il-pianto-dei-vulcani-mostra-personale-dicembre-2021\/"},"wordCount":1672,"publisher":{"@id":"https:\/\/vonburencontemporary.com\/it\/#organization"},"image":{"@id":"https:\/\/vonburencontemporary.com\/it\/giuliano-macca-il-pianto-dei-vulcani-mostra-personale-dicembre-2021\/#primaryimage"},"thumbnailUrl":"https:\/\/vonburencontemporary.com\/wp-content\/uploads\/2022\/04\/vulcani-featured.jpg","articleSection":["2021"],"inLanguage":"it-IT"},{"@type":"WebPage","@id":"https:\/\/vonburencontemporary.com\/it\/giuliano-macca-il-pianto-dei-vulcani-mostra-personale-dicembre-2021\/","url":"https:\/\/vonburencontemporary.com\/it\/giuliano-macca-il-pianto-dei-vulcani-mostra-personale-dicembre-2021\/","name":"Giuliano Macca | Il Piano dei vulcani | Von Buren Contemporary","isPartOf":{"@id":"https:\/\/vonburencontemporary.com\/it\/#website"},"primaryImageOfPage":{"@id":"https:\/\/vonburencontemporary.com\/it\/giuliano-macca-il-pianto-dei-vulcani-mostra-personale-dicembre-2021\/#primaryimage"},"image":{"@id":"https:\/\/vonburencontemporary.com\/it\/giuliano-macca-il-pianto-dei-vulcani-mostra-personale-dicembre-2021\/#primaryimage"},"thumbnailUrl":"https:\/\/vonburencontemporary.com\/wp-content\/uploads\/2022\/04\/vulcani-featured.jpg","datePublished":"2021-12-25T09:11:21+00:00","dateModified":"2023-06-20T14:32:33+00:00","description":"Von Buren Contemporary presenta Il pianto dei vulcani, mostra personale di Giuliano Macca. Dicembre 2021-Gennaio 2022. Via Giulia 13, Roma.","breadcrumb":{"@id":"https:\/\/vonburencontemporary.com\/it\/giuliano-macca-il-pianto-dei-vulcani-mostra-personale-dicembre-2021\/#breadcrumb"},"inLanguage":"it-IT","potentialAction":[{"@type":"ReadAction","target":["https:\/\/vonburencontemporary.com\/it\/giuliano-macca-il-pianto-dei-vulcani-mostra-personale-dicembre-2021\/"]}]},{"@type":"ImageObject","inLanguage":"it-IT","@id":"https:\/\/vonburencontemporary.com\/it\/giuliano-macca-il-pianto-dei-vulcani-mostra-personale-dicembre-2021\/#primaryimage","url":"https:\/\/vonburencontemporary.com\/wp-content\/uploads\/2022\/04\/vulcani-featured.jpg","contentUrl":"https:\/\/vonburencontemporary.com\/wp-content\/uploads\/2022\/04\/vulcani-featured.jpg","width":1137,"height":790,"caption":"giuliano macca, il pianto dei vulcani"},{"@type":"BreadcrumbList","@id":"https:\/\/vonburencontemporary.com\/it\/giuliano-macca-il-pianto-dei-vulcani-mostra-personale-dicembre-2021\/#breadcrumb","itemListElement":[{"@type":"ListItem","position":1,"name":"Home","item":"https:\/\/vonburencontemporary.com\/it\/"},{"@type":"ListItem","position":2,"name":"Macca | Il Pianto dei Vulcani | Dicembre 2021"}]},{"@type":"WebSite","@id":"https:\/\/vonburencontemporary.com\/it\/#website","url":"https:\/\/vonburencontemporary.com\/it\/","name":"Von Buren Contemporary","description":"","publisher":{"@id":"https:\/\/vonburencontemporary.com\/it\/#organization"},"potentialAction":[{"@type":"SearchAction","target":{"@type":"EntryPoint","urlTemplate":"https:\/\/vonburencontemporary.com\/it\/?s={search_term_string}"},"query-input":{"@type":"PropertyValueSpecification","valueRequired":true,"valueName":"search_term_string"}}],"inLanguage":"it-IT"},{"@type":"Organization","@id":"https:\/\/vonburencontemporary.com\/it\/#organization","name":"Von Buren Contemporary","url":"https:\/\/vonburencontemporary.com\/it\/","logo":{"@type":"ImageObject","inLanguage":"it-IT","@id":"https:\/\/vonburencontemporary.com\/it\/#\/schema\/logo\/image\/","url":"https:\/\/vonburencontemporary.com\/wp-content\/uploads\/2022\/03\/VBC-Logo-Colour.png","contentUrl":"https:\/\/vonburencontemporary.com\/wp-content\/uploads\/2022\/03\/VBC-Logo-Colour.png","width":222,"height":216,"caption":"Von Buren Contemporary"},"image":{"@id":"https:\/\/vonburencontemporary.com\/it\/#\/schema\/logo\/image\/"},"sameAs":["https:\/\/www.instagram.com\/vonburen.contemporary\/"]},{"@type":"Person","@id":"https:\/\/vonburencontemporary.com\/it\/#\/schema\/person\/ea111bd4c856049908311a25b5a0e770","name":"admin","image":{"@type":"ImageObject","inLanguage":"it-IT","@id":"https:\/\/secure.gravatar.com\/avatar\/f1d9679bdf13153605a272267f57e526ca189c4237c00fcfc54854d1a5b43e70?s=96&d=mm&r=g","url":"https:\/\/secure.gravatar.com\/avatar\/f1d9679bdf13153605a272267f57e526ca189c4237c00fcfc54854d1a5b43e70?s=96&d=mm&r=g","contentUrl":"https:\/\/secure.gravatar.com\/avatar\/f1d9679bdf13153605a272267f57e526ca189c4237c00fcfc54854d1a5b43e70?s=96&d=mm&r=g","caption":"admin"},"url":"https:\/\/vonburencontemporary.com\/it\/author\/warren_i2c48846\/"}]}},"jetpack_featured_media_url":"https:\/\/vonburencontemporary.com\/wp-content\/uploads\/2022\/04\/vulcani-featured.jpg","jetpack_sharing_enabled":true,"_links":{"self":[{"href":"https:\/\/vonburencontemporary.com\/it\/wp-json\/wp\/v2\/posts\/9181","targetHints":{"allow":["GET"]}}],"collection":[{"href":"https:\/\/vonburencontemporary.com\/it\/wp-json\/wp\/v2\/posts"}],"about":[{"href":"https:\/\/vonburencontemporary.com\/it\/wp-json\/wp\/v2\/types\/post"}],"author":[{"embeddable":true,"href":"https:\/\/vonburencontemporary.com\/it\/wp-json\/wp\/v2\/users\/1"}],"replies":[{"embeddable":true,"href":"https:\/\/vonburencontemporary.com\/it\/wp-json\/wp\/v2\/comments?post=9181"}],"version-history":[{"count":0,"href":"https:\/\/vonburencontemporary.com\/it\/wp-json\/wp\/v2\/posts\/9181\/revisions"}],"wp:featuredmedia":[{"embeddable":true,"href":"https:\/\/vonburencontemporary.com\/it\/wp-json\/wp\/v2\/media\/6236"}],"wp:attachment":[{"href":"https:\/\/vonburencontemporary.com\/it\/wp-json\/wp\/v2\/media?parent=9181"}],"wp:term":[{"taxonomy":"category","embeddable":true,"href":"https:\/\/vonburencontemporary.com\/it\/wp-json\/wp\/v2\/categories?post=9181"},{"taxonomy":"post_tag","embeddable":true,"href":"https:\/\/vonburencontemporary.com\/it\/wp-json\/wp\/v2\/tags?post=9181"}],"curies":[{"name":"wp","href":"https:\/\/api.w.org\/{rel}","templated":true}]}}