{"id":9228,"date":"2019-07-10T15:40:42","date_gmt":"2019-07-10T15:40:42","guid":{"rendered":"https:\/\/vbc.wpgmedia.it\/iavazzo-imperiale-unveiled-july-2019\/"},"modified":"2023-04-27T13:49:59","modified_gmt":"2023-04-27T13:49:59","slug":"iavazzo-imperiale-unveiled-luglio-2019","status":"publish","type":"post","link":"https:\/\/vonburencontemporary.com\/it\/iavazzo-imperiale-unveiled-luglio-2019\/","title":{"rendered":"Iavazzo &#038; Imperiale | Unveiled | Luglio 2019"},"content":{"rendered":"[vc_row type=&#8221;in_container&#8221; full_screen_row_position=&#8221;middle&#8221; column_margin=&#8221;60px&#8221; column_direction=&#8221;default&#8221; column_direction_tablet=&#8221;default&#8221; column_direction_phone=&#8221;default&#8221; scene_position=&#8221;center&#8221; text_color=&#8221;dark&#8221; text_align=&#8221;left&#8221; row_border_radius=&#8221;none&#8221; row_border_radius_applies=&#8221;bg&#8221; overflow=&#8221;visible&#8221; advanced_gradient_angle=&#8221;0&#8243; overlay_strength=&#8221;0.3&#8243; gradient_direction=&#8221;left_to_right&#8221; shape_divider_position=&#8221;bottom&#8221; bg_image_animation=&#8221;none&#8221; gradient_type=&#8221;default&#8221; shape_type=&#8221;&#8221;][vc_column column_padding=&#8221;no-extra-padding&#8221; column_padding_tablet=&#8221;inherit&#8221; column_padding_phone=&#8221;inherit&#8221; column_padding_position=&#8221;all&#8221; column_element_direction_desktop=&#8221;default&#8221; column_element_spacing=&#8221;default&#8221; desktop_text_alignment=&#8221;default&#8221; tablet_text_alignment=&#8221;default&#8221; phone_text_alignment=&#8221;default&#8221; background_color_opacity=&#8221;1&#8243; background_hover_color_opacity=&#8221;1&#8243; column_backdrop_filter=&#8221;none&#8221; column_shadow=&#8221;none&#8221; column_border_radius=&#8221;none&#8221; column_link_target=&#8221;_self&#8221; column_position=&#8221;default&#8221; gradient_direction=&#8221;left_to_right&#8221; overlay_strength=&#8221;0.3&#8243; width=&#8221;1\/1&#8243; tablet_width_inherit=&#8221;default&#8221; animation_type=&#8221;default&#8221; bg_image_animation=&#8221;none&#8221; border_type=&#8221;simple&#8221; column_border_width=&#8221;none&#8221; column_border_style=&#8221;solid&#8221;][vc_row_inner column_margin=&#8221;default&#8221; column_direction=&#8221;default&#8221; column_direction_tablet=&#8221;default&#8221; column_direction_phone=&#8221;default&#8221; text_align=&#8221;left&#8221; row_position=&#8221;default&#8221; row_position_tablet=&#8221;inherit&#8221; row_position_phone=&#8221;inherit&#8221; overflow=&#8221;visible&#8221; pointer_events=&#8221;all&#8221;][vc_column_inner column_padding=&#8221;no-extra-padding&#8221; column_padding_tablet=&#8221;inherit&#8221; column_padding_phone=&#8221;inherit&#8221; column_padding_position=&#8221;all&#8221; column_element_direction_desktop=&#8221;default&#8221; column_element_spacing=&#8221;default&#8221; centered_text=&#8221;true&#8221; desktop_text_alignment=&#8221;default&#8221; tablet_text_alignment=&#8221;default&#8221; phone_text_alignment=&#8221;default&#8221; background_color_opacity=&#8221;1&#8243; background_hover_color_opacity=&#8221;1&#8243; column_backdrop_filter=&#8221;none&#8221; column_shadow=&#8221;none&#8221; column_border_radius=&#8221;none&#8221; column_link_target=&#8221;_self&#8221; overflow=&#8221;visible&#8221; advanced_gradient_angle=&#8221;0&#8243; gradient_direction=&#8221;left_to_right&#8221; overlay_strength=&#8221;0.3&#8243; width=&#8221;1\/1&#8243; tablet_width_inherit=&#8221;default&#8221; animation_type=&#8221;default&#8221; bg_image_animation=&#8221;none&#8221; border_type=&#8221;simple&#8221; column_border_width=&#8221;none&#8221; column_border_style=&#8221;solid&#8221; gradient_type=&#8221;default&#8221;][image_with_animation image_url=&#8221;6709&#8243; image_size=&#8221;full&#8221; animation_type=&#8221;entrance&#8221; animation=&#8221;Fade In&#8221; animation_easing=&#8221;default&#8221; animation_movement_type=&#8221;transform_y&#8221; hover_animation=&#8221;none&#8221; alignment=&#8221;&#8221; border_radius=&#8221;none&#8221; box_shadow=&#8221;none&#8221; image_loading=&#8221;default&#8221; max_width=&#8221;100%&#8221; max_width_mobile=&#8221;default&#8221;][\/vc_column_inner][\/vc_row_inner][divider line_type=&#8221;No Line&#8221; custom_height=&#8221;15&#8243;][vc_row_inner equal_height=&#8221;yes&#8221; content_placement=&#8221;middle&#8221; column_margin=&#8221;default&#8221; column_direction=&#8221;default&#8221; column_direction_tablet=&#8221;default&#8221; column_direction_phone=&#8221;default&#8221; text_align=&#8221;left&#8221; row_position=&#8221;default&#8221; row_position_tablet=&#8221;inherit&#8221; row_position_phone=&#8221;inherit&#8221; overflow=&#8221;visible&#8221; pointer_events=&#8221;all&#8221;][vc_column_inner column_padding=&#8221;no-extra-padding&#8221; column_padding_tablet=&#8221;inherit&#8221; column_padding_phone=&#8221;inherit&#8221; column_padding_position=&#8221;all&#8221; column_element_direction_desktop=&#8221;default&#8221; column_element_spacing=&#8221;default&#8221; desktop_text_alignment=&#8221;default&#8221; tablet_text_alignment=&#8221;default&#8221; phone_text_alignment=&#8221;default&#8221; background_color_opacity=&#8221;1&#8243; background_hover_color_opacity=&#8221;1&#8243; column_backdrop_filter=&#8221;none&#8221; column_shadow=&#8221;none&#8221; column_border_radius=&#8221;none&#8221; column_link_target=&#8221;_self&#8221; overflow=&#8221;visible&#8221; gradient_direction=&#8221;left_to_right&#8221; overlay_strength=&#8221;0.3&#8243; width=&#8221;2\/3&#8243; tablet_width_inherit=&#8221;default&#8221; animation_type=&#8221;default&#8221; bg_image_animation=&#8221;none&#8221; border_type=&#8221;simple&#8221; column_border_width=&#8221;none&#8221; column_border_style=&#8221;solid&#8221;][vc_column_text]\n<div id=\"comp-l08crjji\" class=\"_1Q9if\" data-testid=\"richTextElement\">\n<h3 class=\"font_8\"><span class=\"color_14\">INFO<\/span><\/h3>\n<\/div>\n[\/vc_column_text][vc_column_text]\n<div id=\"comp-l08crjji\" class=\"_1Q9if\" style=\"text-align: left;\" data-testid=\"richTextElement\"><\/div>\n<div id=\"comp-l08crjjo\" class=\"_2Hij5\" style=\"text-align: left;\" data-testid=\"richTextElement\">\n<p class=\"font_8\"><strong>Vernissage &amp; Cocktails | Mercoledi 10 Luglio 2019<\/strong> <strong>| 20:00 &#8211; 24:00<\/strong><\/p>\n<\/div>\n<p style=\"text-align: left;\">SeeBay Hotel e RvB ARTS sono liete di presentare<\/p>\n<p style=\"text-align: left;\"><strong>UNVEILED<\/strong><br \/>\ncon le opere di<br \/>\n<strong>VITTORIO IAVAZZO<\/strong><br \/>\n<strong>FABIO IMPERIALE<\/strong><\/p>\n<p style=\"text-align: left;\">SeeBay Hotel<br \/>\nVia Poggio 160 | PORTONOVO (AN)<br \/>\nCuratrice della mostra Michele von Bu\u0308ren | gallerista di RvB ARTS, Roma<\/p>\n[\/vc_column_text][\/vc_column_inner][vc_column_inner column_padding=&#8221;padding-2-percent&#8221; column_padding_tablet=&#8221;inherit&#8221; column_padding_phone=&#8221;inherit&#8221; column_padding_position=&#8221;top&#8221; column_element_direction_desktop=&#8221;default&#8221; column_element_spacing=&#8221;default&#8221; centered_text=&#8221;true&#8221; desktop_text_alignment=&#8221;default&#8221; tablet_text_alignment=&#8221;default&#8221; phone_text_alignment=&#8221;default&#8221; background_color_opacity=&#8221;1&#8243; background_hover_color_opacity=&#8221;1&#8243; column_backdrop_filter=&#8221;none&#8221; column_shadow=&#8221;none&#8221; column_border_radius=&#8221;none&#8221; column_link_target=&#8221;_self&#8221; overflow=&#8221;visible&#8221; advanced_gradient_angle=&#8221;0&#8243; gradient_direction=&#8221;left_to_right&#8221; overlay_strength=&#8221;0.3&#8243; width=&#8221;1\/3&#8243; tablet_width_inherit=&#8221;default&#8221; animation_type=&#8221;default&#8221; bg_image_animation=&#8221;none&#8221; border_type=&#8221;simple&#8221; column_border_width=&#8221;none&#8221; column_border_style=&#8221;solid&#8221; gradient_type=&#8221;default&#8221;][nectar_btn size=&#8221;jumbo&#8221; open_new_tab=&#8221;true&#8221; button_style=&#8221;regular&#8221; button_color_2=&#8221;Extra-Color-1&#8243; solid_text_color_override=&#8221;#ffffff&#8221; icon_family=&#8221;none&#8221; el_class=&#8221;full-size&#8221; text=&#8221;BROCHURE&#8221; url=&#8221;http:\/\/vonburencontemporary.com\/wp-content\/uploads\/2022\/04\/Brochure-mostra.pdf&#8221;][\/vc_column_inner][\/vc_row_inner][vc_row_inner column_margin=&#8221;default&#8221; column_direction=&#8221;default&#8221; column_direction_tablet=&#8221;default&#8221; column_direction_phone=&#8221;default&#8221; text_align=&#8221;left&#8221; row_position=&#8221;default&#8221; row_position_tablet=&#8221;inherit&#8221; row_position_phone=&#8221;inherit&#8221; overflow=&#8221;visible&#8221; pointer_events=&#8221;all&#8221;][vc_column_inner column_padding=&#8221;no-extra-padding&#8221; column_padding_tablet=&#8221;inherit&#8221; column_padding_phone=&#8221;inherit&#8221; column_padding_position=&#8221;all&#8221; column_element_direction_desktop=&#8221;default&#8221; column_element_spacing=&#8221;default&#8221; desktop_text_alignment=&#8221;default&#8221; tablet_text_alignment=&#8221;default&#8221; phone_text_alignment=&#8221;default&#8221; background_color_opacity=&#8221;1&#8243; background_hover_color_opacity=&#8221;1&#8243; column_backdrop_filter=&#8221;none&#8221; column_shadow=&#8221;none&#8221; column_border_radius=&#8221;none&#8221; column_link_target=&#8221;_self&#8221; overflow=&#8221;visible&#8221; gradient_direction=&#8221;left_to_right&#8221; overlay_strength=&#8221;0.3&#8243; width=&#8221;1\/1&#8243; tablet_width_inherit=&#8221;default&#8221; animation_type=&#8221;default&#8221; bg_image_animation=&#8221;none&#8221; border_type=&#8221;simple&#8221; column_border_width=&#8221;none&#8221; column_border_style=&#8221;solid&#8221;][\/vc_column_inner][\/vc_row_inner][vc_column_text]Donne sfuggenti, che sembrano celare un segreto dalla superficie piatta della tela; volti e corpi dalle forme antiche, sculture a tutto tondo, a tratti frammentarie, che sfidano i principi di statica ed equilibrio; un uso dei materiali che privilegia il recupero di carte e supporti vari, e che nel riuso assumono una nuova funzione e un nuovo significato.<br \/>\nSono molti i punti di contatto che accomunano il fare artistico di Vittorio Iavazzo e Fabio Imperiale, ma soprattutto la volont\u00e0 di piegare il dato materiale per indagare la pi\u00f9 profonda natura umana, nella sua complessit\u00e0 e inafferrabilit\u00e0.<br \/>\nPer entrambi la carta, in varie declinazioni (cartoline, giornali e riviste) riveste un ruolo fondamentale nel dare forma a visioni e volumi, e, strappata all&#8217;oblio, viene riusata come strumento d&#8217;arte, dai connotati anche ecologici.<br \/>\nNelle loro figure si impastano quindi detriti di storia e di memoria, brandelli di quotidianit\u00e0 e momenti di fragilit\u00e0, il sentire personale con il destino collettivo dell&#8217;umanit\u00e0. L&#8217;interezza dell&#8217;essere, la sua totalit\u00e0, restano un mito inarrivabile ed insondabile, cos\u00ec come la perfezione e la levigatezza: le donne di Imperiale si sottraggono al contatto visivo con l&#8217;osservatore, mentre le superfici di Iavazzo si fanno ruvide e increspate, a suggerire un universo di emozioni sottostanti che l&#8217;occhio attento dell&#8217;artista cerca di svelare.<\/p>\n<p>Vittorio Iavazzo nasce nel 1991 a Napoli. Nel 2014 consegue la laurea triennale in illustrazione all&#8217;Accademia di Belle Arti di Napoli e nel 2016 la specialistica in grafica d&#8217;arte. Nelle sue opere fa uso sia di tecniche antiche che moderne e di materiali quali la cartapesta e le resine poliuretaniche. La sua ricerca artistica \u00e8 improntata sull&#8217;ecologia e sul riciclo dei materiali con i quali crea volti e figure in cui prevale un gusto per l&#8217;antico nella forma frammentaria e fragile del reperto.<\/p>\n<p>Nato a Roma nel 1981, Fabio Imperiale ha studiato come grafico pubblicitario prima di cambiare direzione dedicandosi alla pittura. Ultimamente, si dedica al mondo femminile per indagarne il lato fragile e sensibile. Utilizzando una cromia sommessa su fondi di colore che sembrano trattenere le tracce del tempo, le immagini affiorano, come ricordi, dal bitume o dal caff\u00e8.<\/p>\n<p>RvB Arts \u00e8 specializzata in pittura, scultura e fotografia contemporanea. Il suo obiettivo primario \u00e8 la scoperta di giovani ed emergenti artisti italiani e la divulgazione del loro lavoro in Italia e all&#8217;estero.<br \/>\nLa galleria, con base a Roma, organizza mostre ed eventi durante tutto l&#8217;anno, confermando ad ogni iniziativa la capacit\u00e0 di scoprire nuovi talenti. Molti dei suoi artisti hanno vinto importanti premi e partecipato a prestigiosi eventi internazionali, ottenendo riconoscimenti condivisi dalla critica e dal mercato.<\/p>\n<p class=\"font_2\"><strong>Luisa Grigoletto<\/strong><\/p>\n[\/vc_column_text][\/vc_column][\/vc_row]\n","protected":false},"excerpt":{"rendered":"<p>[vc_row type=&#8221;in_container&#8221; full_screen_row_position=&#8221;middle&#8221; column_margin=&#8221;60px&#8221; column_direction=&#8221;default&#8221; column_direction_tablet=&#8221;default&#8221; column_direction_phone=&#8221;default&#8221; scene_position=&#8221;center&#8221; text_color=&#8221;dark&#8221; text_align=&#8221;left&#8221; row_border_radius=&#8221;none&#8221; row_border_radius_applies=&#8221;bg&#8221; overflow=&#8221;visible&#8221; advanced_gradient_angle=&#8221;0&#8243; overlay_strength=&#8221;0.3&#8243; gradient_direction=&#8221;left_to_right&#8221; shape_divider_position=&#8221;bottom&#8221; bg_image_animation=&#8221;none&#8221; gradient_type=&#8221;default&#8221; shape_type=&#8221;&#8221;][vc_column column_padding=&#8221;no-extra-padding&#8221; column_padding_tablet=&#8221;inherit&#8221; column_padding_phone=&#8221;inherit&#8221; column_padding_position=&#8221;all&#8221; column_element_direction_desktop=&#8221;default&#8221; column_element_spacing=&#8221;default&#8221; desktop_text_alignment=&#8221;default&#8221; tablet_text_alignment=&#8221;default&#8221; phone_text_alignment=&#8221;default&#8221; background_color_opacity=&#8221;1&#8243;&#8230;<\/p>\n","protected":false},"author":1,"featured_media":6710,"comment_status":"closed","ping_status":"closed","sticky":false,"template":"","format":"standard","meta":{"_jetpack_memberships_contains_paid_content":false,"footnotes":""},"categories":[111],"tags":[],"class_list":{"0":"post-9228","1":"post","2":"type-post","3":"status-publish","4":"format-standard","5":"has-post-thumbnail","7":"category-2019-it"},"yoast_head":"<!-- This site is optimized with the Yoast SEO plugin v27.5 - https:\/\/yoast.com\/product\/yoast-seo-wordpress\/ -->\n<title>Iavazzo &amp; Imperiale | Unveiled | Luglio 2019 | Von Buren Contemporary<\/title>\n<meta name=\"description\" content=\"Unveiled , mostra di Vittorio Iavazzo e Fabio Imperiale al See Bay hotel. A Cura di RvB Arts. Estate 2019.\" \/>\n<meta name=\"robots\" content=\"index, follow, max-snippet:-1, max-image-preview:large, max-video-preview:-1\" \/>\n<link rel=\"canonical\" href=\"https:\/\/vonburencontemporary.com\/it\/iavazzo-imperiale-unveiled-luglio-2019\/\" \/>\n<meta property=\"og:locale\" content=\"it_IT\" \/>\n<meta property=\"og:type\" content=\"article\" \/>\n<meta property=\"og:title\" content=\"Iavazzo &amp; Imperiale | Unveiled | Luglio 2019 | Von Buren Contemporary\" \/>\n<meta property=\"og:description\" content=\"Unveiled , mostra di Vittorio Iavazzo e Fabio Imperiale al See Bay hotel. A Cura di RvB Arts. Estate 2019.\" \/>\n<meta property=\"og:url\" content=\"https:\/\/vonburencontemporary.com\/it\/iavazzo-imperiale-unveiled-luglio-2019\/\" \/>\n<meta property=\"og:site_name\" content=\"Von Buren Contemporary\" \/>\n<meta property=\"article:published_time\" content=\"2019-07-10T15:40:42+00:00\" \/>\n<meta property=\"article:modified_time\" content=\"2023-04-27T13:49:59+00:00\" \/>\n<meta property=\"og:image\" content=\"https:\/\/vonburencontemporary.com\/wp-content\/uploads\/2022\/04\/unveiled-main.jpg\" \/>\n\t<meta property=\"og:image:width\" content=\"567\" \/>\n\t<meta property=\"og:image:height\" content=\"612\" \/>\n\t<meta property=\"og:image:type\" content=\"image\/jpeg\" \/>\n<meta name=\"author\" content=\"admin\" \/>\n<meta name=\"twitter:card\" content=\"summary_large_image\" \/>\n<meta name=\"twitter:label1\" content=\"Scritto da\" \/>\n\t<meta name=\"twitter:data1\" content=\"admin\" \/>\n\t<meta name=\"twitter:label2\" content=\"Tempo di lettura stimato\" \/>\n\t<meta name=\"twitter:data2\" content=\"4 minuti\" \/>\n<script type=\"application\/ld+json\" class=\"yoast-schema-graph\">{\"@context\":\"https:\\\/\\\/schema.org\",\"@graph\":[{\"@type\":\"Article\",\"@id\":\"https:\\\/\\\/vonburencontemporary.com\\\/it\\\/iavazzo-imperiale-unveiled-luglio-2019\\\/#article\",\"isPartOf\":{\"@id\":\"https:\\\/\\\/vonburencontemporary.com\\\/it\\\/iavazzo-imperiale-unveiled-luglio-2019\\\/\"},\"author\":{\"name\":\"admin\",\"@id\":\"https:\\\/\\\/vonburencontemporary.com\\\/it\\\/#\\\/schema\\\/person\\\/ea111bd4c856049908311a25b5a0e770\"},\"headline\":\"Iavazzo &#038; Imperiale | Unveiled | Luglio 2019\",\"datePublished\":\"2019-07-10T15:40:42+00:00\",\"dateModified\":\"2023-04-27T13:49:59+00:00\",\"mainEntityOfPage\":{\"@id\":\"https:\\\/\\\/vonburencontemporary.com\\\/it\\\/iavazzo-imperiale-unveiled-luglio-2019\\\/\"},\"wordCount\":1275,\"publisher\":{\"@id\":\"https:\\\/\\\/vonburencontemporary.com\\\/it\\\/#organization\"},\"image\":{\"@id\":\"https:\\\/\\\/vonburencontemporary.com\\\/it\\\/iavazzo-imperiale-unveiled-luglio-2019\\\/#primaryimage\"},\"thumbnailUrl\":\"https:\\\/\\\/vonburencontemporary.com\\\/wp-content\\\/uploads\\\/2022\\\/04\\\/unveiled-main.jpg\",\"articleSection\":[\"2019\"],\"inLanguage\":\"it-IT\"},{\"@type\":\"WebPage\",\"@id\":\"https:\\\/\\\/vonburencontemporary.com\\\/it\\\/iavazzo-imperiale-unveiled-luglio-2019\\\/\",\"url\":\"https:\\\/\\\/vonburencontemporary.com\\\/it\\\/iavazzo-imperiale-unveiled-luglio-2019\\\/\",\"name\":\"Iavazzo & Imperiale | Unveiled | Luglio 2019 | Von Buren Contemporary\",\"isPartOf\":{\"@id\":\"https:\\\/\\\/vonburencontemporary.com\\\/it\\\/#website\"},\"primaryImageOfPage\":{\"@id\":\"https:\\\/\\\/vonburencontemporary.com\\\/it\\\/iavazzo-imperiale-unveiled-luglio-2019\\\/#primaryimage\"},\"image\":{\"@id\":\"https:\\\/\\\/vonburencontemporary.com\\\/it\\\/iavazzo-imperiale-unveiled-luglio-2019\\\/#primaryimage\"},\"thumbnailUrl\":\"https:\\\/\\\/vonburencontemporary.com\\\/wp-content\\\/uploads\\\/2022\\\/04\\\/unveiled-main.jpg\",\"datePublished\":\"2019-07-10T15:40:42+00:00\",\"dateModified\":\"2023-04-27T13:49:59+00:00\",\"description\":\"Unveiled , mostra di Vittorio Iavazzo e Fabio Imperiale al See Bay hotel. A Cura di RvB Arts. Estate 2019.\",\"breadcrumb\":{\"@id\":\"https:\\\/\\\/vonburencontemporary.com\\\/it\\\/iavazzo-imperiale-unveiled-luglio-2019\\\/#breadcrumb\"},\"inLanguage\":\"it-IT\",\"potentialAction\":[{\"@type\":\"ReadAction\",\"target\":[\"https:\\\/\\\/vonburencontemporary.com\\\/it\\\/iavazzo-imperiale-unveiled-luglio-2019\\\/\"]}]},{\"@type\":\"ImageObject\",\"inLanguage\":\"it-IT\",\"@id\":\"https:\\\/\\\/vonburencontemporary.com\\\/it\\\/iavazzo-imperiale-unveiled-luglio-2019\\\/#primaryimage\",\"url\":\"https:\\\/\\\/vonburencontemporary.com\\\/wp-content\\\/uploads\\\/2022\\\/04\\\/unveiled-main.jpg\",\"contentUrl\":\"https:\\\/\\\/vonburencontemporary.com\\\/wp-content\\\/uploads\\\/2022\\\/04\\\/unveiled-main.jpg\",\"width\":567,\"height\":612,\"caption\":\"vittorio iavazzo, fabio imperiale\"},{\"@type\":\"BreadcrumbList\",\"@id\":\"https:\\\/\\\/vonburencontemporary.com\\\/it\\\/iavazzo-imperiale-unveiled-luglio-2019\\\/#breadcrumb\",\"itemListElement\":[{\"@type\":\"ListItem\",\"position\":1,\"name\":\"Home\",\"item\":\"https:\\\/\\\/vonburencontemporary.com\\\/it\\\/\"},{\"@type\":\"ListItem\",\"position\":2,\"name\":\"Iavazzo &#038; Imperiale | Unveiled | Luglio 2019\"}]},{\"@type\":\"WebSite\",\"@id\":\"https:\\\/\\\/vonburencontemporary.com\\\/it\\\/#website\",\"url\":\"https:\\\/\\\/vonburencontemporary.com\\\/it\\\/\",\"name\":\"Von Buren Contemporary\",\"description\":\"\",\"publisher\":{\"@id\":\"https:\\\/\\\/vonburencontemporary.com\\\/it\\\/#organization\"},\"potentialAction\":[{\"@type\":\"SearchAction\",\"target\":{\"@type\":\"EntryPoint\",\"urlTemplate\":\"https:\\\/\\\/vonburencontemporary.com\\\/it\\\/?s={search_term_string}\"},\"query-input\":{\"@type\":\"PropertyValueSpecification\",\"valueRequired\":true,\"valueName\":\"search_term_string\"}}],\"inLanguage\":\"it-IT\"},{\"@type\":\"Organization\",\"@id\":\"https:\\\/\\\/vonburencontemporary.com\\\/it\\\/#organization\",\"name\":\"Von Buren Contemporary\",\"url\":\"https:\\\/\\\/vonburencontemporary.com\\\/it\\\/\",\"logo\":{\"@type\":\"ImageObject\",\"inLanguage\":\"it-IT\",\"@id\":\"https:\\\/\\\/vonburencontemporary.com\\\/it\\\/#\\\/schema\\\/logo\\\/image\\\/\",\"url\":\"https:\\\/\\\/vonburencontemporary.com\\\/wp-content\\\/uploads\\\/2022\\\/03\\\/VBC-Logo-Colour.png\",\"contentUrl\":\"https:\\\/\\\/vonburencontemporary.com\\\/wp-content\\\/uploads\\\/2022\\\/03\\\/VBC-Logo-Colour.png\",\"width\":222,\"height\":216,\"caption\":\"Von Buren Contemporary\"},\"image\":{\"@id\":\"https:\\\/\\\/vonburencontemporary.com\\\/it\\\/#\\\/schema\\\/logo\\\/image\\\/\"},\"sameAs\":[\"https:\\\/\\\/www.instagram.com\\\/vonburen.contemporary\\\/\"]},{\"@type\":\"Person\",\"@id\":\"https:\\\/\\\/vonburencontemporary.com\\\/it\\\/#\\\/schema\\\/person\\\/ea111bd4c856049908311a25b5a0e770\",\"name\":\"admin\",\"image\":{\"@type\":\"ImageObject\",\"inLanguage\":\"it-IT\",\"@id\":\"https:\\\/\\\/secure.gravatar.com\\\/avatar\\\/f1d9679bdf13153605a272267f57e526ca189c4237c00fcfc54854d1a5b43e70?s=96&d=mm&r=g\",\"url\":\"https:\\\/\\\/secure.gravatar.com\\\/avatar\\\/f1d9679bdf13153605a272267f57e526ca189c4237c00fcfc54854d1a5b43e70?s=96&d=mm&r=g\",\"contentUrl\":\"https:\\\/\\\/secure.gravatar.com\\\/avatar\\\/f1d9679bdf13153605a272267f57e526ca189c4237c00fcfc54854d1a5b43e70?s=96&d=mm&r=g\",\"caption\":\"admin\"},\"url\":\"https:\\\/\\\/vonburencontemporary.com\\\/it\\\/author\\\/warren_i2c48846\\\/\"}]}<\/script>\n<!-- \/ Yoast SEO plugin. -->","yoast_head_json":{"title":"Iavazzo & Imperiale | Unveiled | Luglio 2019 | Von Buren Contemporary","description":"Unveiled , mostra di Vittorio Iavazzo e Fabio Imperiale al See Bay hotel. A Cura di RvB Arts. Estate 2019.","robots":{"index":"index","follow":"follow","max-snippet":"max-snippet:-1","max-image-preview":"max-image-preview:large","max-video-preview":"max-video-preview:-1"},"canonical":"https:\/\/vonburencontemporary.com\/it\/iavazzo-imperiale-unveiled-luglio-2019\/","og_locale":"it_IT","og_type":"article","og_title":"Iavazzo & Imperiale | Unveiled | Luglio 2019 | Von Buren Contemporary","og_description":"Unveiled , mostra di Vittorio Iavazzo e Fabio Imperiale al See Bay hotel. A Cura di RvB Arts. Estate 2019.","og_url":"https:\/\/vonburencontemporary.com\/it\/iavazzo-imperiale-unveiled-luglio-2019\/","og_site_name":"Von Buren Contemporary","article_published_time":"2019-07-10T15:40:42+00:00","article_modified_time":"2023-04-27T13:49:59+00:00","og_image":[{"width":567,"height":612,"url":"https:\/\/vonburencontemporary.com\/wp-content\/uploads\/2022\/04\/unveiled-main.jpg","type":"image\/jpeg"}],"author":"admin","twitter_card":"summary_large_image","twitter_misc":{"Scritto da":"admin","Tempo di lettura stimato":"4 minuti"},"schema":{"@context":"https:\/\/schema.org","@graph":[{"@type":"Article","@id":"https:\/\/vonburencontemporary.com\/it\/iavazzo-imperiale-unveiled-luglio-2019\/#article","isPartOf":{"@id":"https:\/\/vonburencontemporary.com\/it\/iavazzo-imperiale-unveiled-luglio-2019\/"},"author":{"name":"admin","@id":"https:\/\/vonburencontemporary.com\/it\/#\/schema\/person\/ea111bd4c856049908311a25b5a0e770"},"headline":"Iavazzo &#038; Imperiale | Unveiled | Luglio 2019","datePublished":"2019-07-10T15:40:42+00:00","dateModified":"2023-04-27T13:49:59+00:00","mainEntityOfPage":{"@id":"https:\/\/vonburencontemporary.com\/it\/iavazzo-imperiale-unveiled-luglio-2019\/"},"wordCount":1275,"publisher":{"@id":"https:\/\/vonburencontemporary.com\/it\/#organization"},"image":{"@id":"https:\/\/vonburencontemporary.com\/it\/iavazzo-imperiale-unveiled-luglio-2019\/#primaryimage"},"thumbnailUrl":"https:\/\/vonburencontemporary.com\/wp-content\/uploads\/2022\/04\/unveiled-main.jpg","articleSection":["2019"],"inLanguage":"it-IT"},{"@type":"WebPage","@id":"https:\/\/vonburencontemporary.com\/it\/iavazzo-imperiale-unveiled-luglio-2019\/","url":"https:\/\/vonburencontemporary.com\/it\/iavazzo-imperiale-unveiled-luglio-2019\/","name":"Iavazzo & Imperiale | Unveiled | Luglio 2019 | Von Buren Contemporary","isPartOf":{"@id":"https:\/\/vonburencontemporary.com\/it\/#website"},"primaryImageOfPage":{"@id":"https:\/\/vonburencontemporary.com\/it\/iavazzo-imperiale-unveiled-luglio-2019\/#primaryimage"},"image":{"@id":"https:\/\/vonburencontemporary.com\/it\/iavazzo-imperiale-unveiled-luglio-2019\/#primaryimage"},"thumbnailUrl":"https:\/\/vonburencontemporary.com\/wp-content\/uploads\/2022\/04\/unveiled-main.jpg","datePublished":"2019-07-10T15:40:42+00:00","dateModified":"2023-04-27T13:49:59+00:00","description":"Unveiled , mostra di Vittorio Iavazzo e Fabio Imperiale al See Bay hotel. A Cura di RvB Arts. Estate 2019.","breadcrumb":{"@id":"https:\/\/vonburencontemporary.com\/it\/iavazzo-imperiale-unveiled-luglio-2019\/#breadcrumb"},"inLanguage":"it-IT","potentialAction":[{"@type":"ReadAction","target":["https:\/\/vonburencontemporary.com\/it\/iavazzo-imperiale-unveiled-luglio-2019\/"]}]},{"@type":"ImageObject","inLanguage":"it-IT","@id":"https:\/\/vonburencontemporary.com\/it\/iavazzo-imperiale-unveiled-luglio-2019\/#primaryimage","url":"https:\/\/vonburencontemporary.com\/wp-content\/uploads\/2022\/04\/unveiled-main.jpg","contentUrl":"https:\/\/vonburencontemporary.com\/wp-content\/uploads\/2022\/04\/unveiled-main.jpg","width":567,"height":612,"caption":"vittorio iavazzo, fabio imperiale"},{"@type":"BreadcrumbList","@id":"https:\/\/vonburencontemporary.com\/it\/iavazzo-imperiale-unveiled-luglio-2019\/#breadcrumb","itemListElement":[{"@type":"ListItem","position":1,"name":"Home","item":"https:\/\/vonburencontemporary.com\/it\/"},{"@type":"ListItem","position":2,"name":"Iavazzo &#038; Imperiale | Unveiled | Luglio 2019"}]},{"@type":"WebSite","@id":"https:\/\/vonburencontemporary.com\/it\/#website","url":"https:\/\/vonburencontemporary.com\/it\/","name":"Von Buren Contemporary","description":"","publisher":{"@id":"https:\/\/vonburencontemporary.com\/it\/#organization"},"potentialAction":[{"@type":"SearchAction","target":{"@type":"EntryPoint","urlTemplate":"https:\/\/vonburencontemporary.com\/it\/?s={search_term_string}"},"query-input":{"@type":"PropertyValueSpecification","valueRequired":true,"valueName":"search_term_string"}}],"inLanguage":"it-IT"},{"@type":"Organization","@id":"https:\/\/vonburencontemporary.com\/it\/#organization","name":"Von Buren Contemporary","url":"https:\/\/vonburencontemporary.com\/it\/","logo":{"@type":"ImageObject","inLanguage":"it-IT","@id":"https:\/\/vonburencontemporary.com\/it\/#\/schema\/logo\/image\/","url":"https:\/\/vonburencontemporary.com\/wp-content\/uploads\/2022\/03\/VBC-Logo-Colour.png","contentUrl":"https:\/\/vonburencontemporary.com\/wp-content\/uploads\/2022\/03\/VBC-Logo-Colour.png","width":222,"height":216,"caption":"Von Buren Contemporary"},"image":{"@id":"https:\/\/vonburencontemporary.com\/it\/#\/schema\/logo\/image\/"},"sameAs":["https:\/\/www.instagram.com\/vonburen.contemporary\/"]},{"@type":"Person","@id":"https:\/\/vonburencontemporary.com\/it\/#\/schema\/person\/ea111bd4c856049908311a25b5a0e770","name":"admin","image":{"@type":"ImageObject","inLanguage":"it-IT","@id":"https:\/\/secure.gravatar.com\/avatar\/f1d9679bdf13153605a272267f57e526ca189c4237c00fcfc54854d1a5b43e70?s=96&d=mm&r=g","url":"https:\/\/secure.gravatar.com\/avatar\/f1d9679bdf13153605a272267f57e526ca189c4237c00fcfc54854d1a5b43e70?s=96&d=mm&r=g","contentUrl":"https:\/\/secure.gravatar.com\/avatar\/f1d9679bdf13153605a272267f57e526ca189c4237c00fcfc54854d1a5b43e70?s=96&d=mm&r=g","caption":"admin"},"url":"https:\/\/vonburencontemporary.com\/it\/author\/warren_i2c48846\/"}]}},"jetpack_featured_media_url":"https:\/\/vonburencontemporary.com\/wp-content\/uploads\/2022\/04\/unveiled-main.jpg","jetpack_sharing_enabled":true,"_links":{"self":[{"href":"https:\/\/vonburencontemporary.com\/it\/wp-json\/wp\/v2\/posts\/9228","targetHints":{"allow":["GET"]}}],"collection":[{"href":"https:\/\/vonburencontemporary.com\/it\/wp-json\/wp\/v2\/posts"}],"about":[{"href":"https:\/\/vonburencontemporary.com\/it\/wp-json\/wp\/v2\/types\/post"}],"author":[{"embeddable":true,"href":"https:\/\/vonburencontemporary.com\/it\/wp-json\/wp\/v2\/users\/1"}],"replies":[{"embeddable":true,"href":"https:\/\/vonburencontemporary.com\/it\/wp-json\/wp\/v2\/comments?post=9228"}],"version-history":[{"count":0,"href":"https:\/\/vonburencontemporary.com\/it\/wp-json\/wp\/v2\/posts\/9228\/revisions"}],"wp:featuredmedia":[{"embeddable":true,"href":"https:\/\/vonburencontemporary.com\/it\/wp-json\/wp\/v2\/media\/6710"}],"wp:attachment":[{"href":"https:\/\/vonburencontemporary.com\/it\/wp-json\/wp\/v2\/media?parent=9228"}],"wp:term":[{"taxonomy":"category","embeddable":true,"href":"https:\/\/vonburencontemporary.com\/it\/wp-json\/wp\/v2\/categories?post=9228"},{"taxonomy":"post_tag","embeddable":true,"href":"https:\/\/vonburencontemporary.com\/it\/wp-json\/wp\/v2\/tags?post=9228"}],"curies":[{"name":"wp","href":"https:\/\/api.w.org\/{rel}","templated":true}]}}