{"id":9245,"date":"2019-03-21T15:12:18","date_gmt":"2019-03-21T15:12:18","guid":{"rendered":"https:\/\/vbc.wpgmedia.it\/alessio-deli-korai-incipit-memoria-solo-exhibition-march-april-2019\/"},"modified":"2023-04-27T14:00:04","modified_gmt":"2023-04-27T14:00:04","slug":"alessio-deli-korai-incipit-memoria-mostra-personale-aprile-maggio-2019","status":"publish","type":"post","link":"https:\/\/vonburencontemporary.com\/it\/alessio-deli-korai-incipit-memoria-mostra-personale-aprile-maggio-2019\/","title":{"rendered":"Deli | Korai incipit memoria | Aprile 2019"},"content":{"rendered":"[vc_row type=&#8221;in_container&#8221; full_screen_row_position=&#8221;middle&#8221; column_margin=&#8221;60px&#8221; column_direction=&#8221;default&#8221; column_direction_tablet=&#8221;default&#8221; column_direction_phone=&#8221;default&#8221; scene_position=&#8221;center&#8221; text_color=&#8221;dark&#8221; text_align=&#8221;left&#8221; row_border_radius=&#8221;none&#8221; row_border_radius_applies=&#8221;bg&#8221; overflow=&#8221;visible&#8221; advanced_gradient_angle=&#8221;0&#8243; overlay_strength=&#8221;0.3&#8243; gradient_direction=&#8221;left_to_right&#8221; shape_divider_position=&#8221;bottom&#8221; bg_image_animation=&#8221;none&#8221; gradient_type=&#8221;default&#8221; shape_type=&#8221;&#8221;][vc_column column_padding=&#8221;no-extra-padding&#8221; column_padding_tablet=&#8221;inherit&#8221; column_padding_phone=&#8221;inherit&#8221; column_padding_position=&#8221;all&#8221; column_element_direction_desktop=&#8221;default&#8221; column_element_spacing=&#8221;default&#8221; desktop_text_alignment=&#8221;default&#8221; tablet_text_alignment=&#8221;default&#8221; phone_text_alignment=&#8221;default&#8221; background_color_opacity=&#8221;1&#8243; background_hover_color_opacity=&#8221;1&#8243; column_backdrop_filter=&#8221;none&#8221; column_shadow=&#8221;none&#8221; column_border_radius=&#8221;none&#8221; column_link_target=&#8221;_self&#8221; column_position=&#8221;default&#8221; gradient_direction=&#8221;left_to_right&#8221; overlay_strength=&#8221;0.3&#8243; width=&#8221;1\/1&#8243; tablet_width_inherit=&#8221;default&#8221; animation_type=&#8221;default&#8221; bg_image_animation=&#8221;none&#8221; border_type=&#8221;simple&#8221; column_border_width=&#8221;none&#8221; column_border_style=&#8221;solid&#8221;][vc_row_inner column_margin=&#8221;default&#8221; column_direction=&#8221;default&#8221; column_direction_tablet=&#8221;default&#8221; column_direction_phone=&#8221;default&#8221; text_align=&#8221;left&#8221; row_position=&#8221;default&#8221; row_position_tablet=&#8221;inherit&#8221; row_position_phone=&#8221;inherit&#8221; overflow=&#8221;visible&#8221; pointer_events=&#8221;all&#8221;][vc_column_inner column_padding=&#8221;no-extra-padding&#8221; column_padding_tablet=&#8221;inherit&#8221; column_padding_phone=&#8221;inherit&#8221; column_padding_position=&#8221;all&#8221; column_element_direction_desktop=&#8221;default&#8221; column_element_spacing=&#8221;default&#8221; centered_text=&#8221;true&#8221; desktop_text_alignment=&#8221;default&#8221; tablet_text_alignment=&#8221;default&#8221; phone_text_alignment=&#8221;default&#8221; background_color_opacity=&#8221;1&#8243; background_hover_color_opacity=&#8221;1&#8243; column_backdrop_filter=&#8221;none&#8221; column_shadow=&#8221;none&#8221; column_border_radius=&#8221;none&#8221; column_link_target=&#8221;_self&#8221; overflow=&#8221;visible&#8221; advanced_gradient_angle=&#8221;0&#8243; gradient_direction=&#8221;left_to_right&#8221; overlay_strength=&#8221;0.3&#8243; width=&#8221;1\/1&#8243; tablet_width_inherit=&#8221;default&#8221; animation_type=&#8221;default&#8221; bg_image_animation=&#8221;none&#8221; border_type=&#8221;simple&#8221; column_border_width=&#8221;none&#8221; column_border_style=&#8221;solid&#8221; gradient_type=&#8221;default&#8221;][image_with_animation image_url=&#8221;6788&#8243; image_size=&#8221;full&#8221; animation_type=&#8221;entrance&#8221; animation=&#8221;Fade In&#8221; animation_easing=&#8221;default&#8221; animation_movement_type=&#8221;transform_y&#8221; hover_animation=&#8221;none&#8221; alignment=&#8221;&#8221; border_radius=&#8221;none&#8221; box_shadow=&#8221;none&#8221; image_loading=&#8221;default&#8221; max_width=&#8221;100%&#8221; max_width_mobile=&#8221;default&#8221;][\/vc_column_inner][\/vc_row_inner][divider line_type=&#8221;No Line&#8221; custom_height=&#8221;15&#8243;][vc_row_inner equal_height=&#8221;yes&#8221; content_placement=&#8221;middle&#8221; column_margin=&#8221;default&#8221; column_direction=&#8221;default&#8221; column_direction_tablet=&#8221;default&#8221; column_direction_phone=&#8221;default&#8221; text_align=&#8221;left&#8221; row_position=&#8221;default&#8221; row_position_tablet=&#8221;inherit&#8221; row_position_phone=&#8221;inherit&#8221; overflow=&#8221;visible&#8221; pointer_events=&#8221;all&#8221;][vc_column_inner column_padding=&#8221;no-extra-padding&#8221; column_padding_tablet=&#8221;inherit&#8221; column_padding_phone=&#8221;inherit&#8221; column_padding_position=&#8221;all&#8221; column_element_direction_desktop=&#8221;default&#8221; column_element_spacing=&#8221;default&#8221; desktop_text_alignment=&#8221;default&#8221; tablet_text_alignment=&#8221;default&#8221; phone_text_alignment=&#8221;default&#8221; background_color_opacity=&#8221;1&#8243; background_hover_color_opacity=&#8221;1&#8243; column_backdrop_filter=&#8221;none&#8221; column_shadow=&#8221;none&#8221; column_border_radius=&#8221;none&#8221; column_link_target=&#8221;_self&#8221; overflow=&#8221;visible&#8221; gradient_direction=&#8221;left_to_right&#8221; overlay_strength=&#8221;0.3&#8243; width=&#8221;2\/3&#8243; tablet_width_inherit=&#8221;default&#8221; animation_type=&#8221;default&#8221; bg_image_animation=&#8221;none&#8221; border_type=&#8221;simple&#8221; column_border_width=&#8221;none&#8221; column_border_style=&#8221;solid&#8221;][vc_column_text]\n<div id=\"comp-l08crjji\" class=\"_1Q9if\" data-testid=\"richTextElement\">\n<h3 class=\"font_8\"><span class=\"color_14\">INFO<\/span><\/h3>\n<\/div>\n[\/vc_column_text][vc_column_text]\n<div id=\"comp-l08crjji\" class=\"_1Q9if\" data-testid=\"richTextElement\"><\/div>\n<div id=\"comp-l08crjjo\" class=\"_2Hij5\" data-testid=\"richTextElement\">\n<p class=\"font_8\"><strong>Vernissage | 21 Marzo | 16:00 &#8211; 20:00<\/strong><\/p>\n<p class=\"font_8\">Dal 21 Marzo al 3 Aprile 2019<\/p>\n<\/div>\n<div id=\"comp-k3q1yvcn\" class=\"_1Q9if\" data-testid=\"richTextElement\">\n<p class=\"font_8\">RvB ARTS, Via delle Zoccolette 28, Roma<\/p>\n<\/div>\n<div id=\"comp-k3q1yvcs\" class=\"XUUsC _2S73V\" title=\"\">\n<div class=\"xQ_iF\" data-testid=\"linkElement\"><\/div>\n<\/div>\n[\/vc_column_text][\/vc_column_inner][vc_column_inner column_padding=&#8221;padding-2-percent&#8221; column_padding_tablet=&#8221;inherit&#8221; column_padding_phone=&#8221;inherit&#8221; column_padding_position=&#8221;top&#8221; column_element_direction_desktop=&#8221;default&#8221; column_element_spacing=&#8221;default&#8221; centered_text=&#8221;true&#8221; desktop_text_alignment=&#8221;default&#8221; tablet_text_alignment=&#8221;default&#8221; phone_text_alignment=&#8221;default&#8221; background_color_opacity=&#8221;1&#8243; background_hover_color_opacity=&#8221;1&#8243; column_backdrop_filter=&#8221;none&#8221; column_shadow=&#8221;none&#8221; column_border_radius=&#8221;none&#8221; column_link_target=&#8221;_self&#8221; overflow=&#8221;visible&#8221; advanced_gradient_angle=&#8221;0&#8243; gradient_direction=&#8221;left_to_right&#8221; overlay_strength=&#8221;0.3&#8243; width=&#8221;1\/3&#8243; tablet_width_inherit=&#8221;default&#8221; animation_type=&#8221;default&#8221; bg_image_animation=&#8221;none&#8221; border_type=&#8221;simple&#8221; column_border_width=&#8221;none&#8221; column_border_style=&#8221;solid&#8221; gradient_type=&#8221;default&#8221;][nectar_btn size=&#8221;jumbo&#8221; open_new_tab=&#8221;true&#8221; button_style=&#8221;regular&#8221; button_color_2=&#8221;Extra-Color-1&#8243; solid_text_color_override=&#8221;#ffffff&#8221; icon_family=&#8221;none&#8221; el_class=&#8221;full-size&#8221; text=&#8221;PRICE LIST&#8221; url=&#8221;https:\/\/it.vonburencontemporary.com\/alessio-deli&#8221;][\/vc_column_inner][\/vc_row_inner][vc_row_inner column_margin=&#8221;default&#8221; column_direction=&#8221;default&#8221; column_direction_tablet=&#8221;default&#8221; column_direction_phone=&#8221;default&#8221; text_align=&#8221;left&#8221; row_position=&#8221;default&#8221; row_position_tablet=&#8221;inherit&#8221; row_position_phone=&#8221;inherit&#8221; overflow=&#8221;visible&#8221; pointer_events=&#8221;all&#8221;][vc_column_inner column_padding=&#8221;no-extra-padding&#8221; column_padding_tablet=&#8221;inherit&#8221; column_padding_phone=&#8221;inherit&#8221; column_padding_position=&#8221;all&#8221; column_element_direction_desktop=&#8221;default&#8221; column_element_spacing=&#8221;default&#8221; desktop_text_alignment=&#8221;default&#8221; tablet_text_alignment=&#8221;default&#8221; phone_text_alignment=&#8221;default&#8221; background_color_opacity=&#8221;1&#8243; background_hover_color_opacity=&#8221;1&#8243; column_backdrop_filter=&#8221;none&#8221; column_shadow=&#8221;none&#8221; column_border_radius=&#8221;none&#8221; column_link_target=&#8221;_self&#8221; overflow=&#8221;visible&#8221; gradient_direction=&#8221;left_to_right&#8221; overlay_strength=&#8221;0.3&#8243; width=&#8221;1\/1&#8243; tablet_width_inherit=&#8221;default&#8221; animation_type=&#8221;default&#8221; bg_image_animation=&#8221;none&#8221; border_type=&#8221;simple&#8221; column_border_width=&#8221;none&#8221; column_border_style=&#8221;solid&#8221;][vc_video link=&#8221;https:\/\/youtu.be\/N5QbL24rXJI&#8221; el_width=&#8221;70&#8243; align=&#8221;center&#8221;][vc_gallery type=&#8221;image_grid&#8221; images=&#8221;6792,6794,6796,6798,6800,6802&#8243; image_grid_loading=&#8221;lazy-load&#8221; layout=&#8221;3&#8243; item_spacing=&#8221;default&#8221; gallery_style=&#8221;7&#8243; load_in_animation=&#8221;fade_in_from_bottom&#8221;][\/vc_column_inner][\/vc_row_inner][vc_column_text]\n<p class=\"font_8\" style=\"text-align: center;\">L\u2019Associazione Culturale Tonino Guerra presenta<\/p>\n<p class=\"font_0\" style=\"text-align: center;\"><strong>KORAI<\/strong><\/p>\n<p class=\"font_0\" style=\"text-align: center;\"><strong>incipit memoria<\/strong><\/p>\n<p style=\"text-align: center;\">la mostra personale di<\/p>\n<p class=\"font_0\" style=\"text-align: center;\"><strong>ALESSIO DELI<\/strong><\/p>\n<p class=\"font_8\" style=\"text-align: center;\">con il patrocinio della<br \/>\nCitt\u00e0 metropolitana di Roma Capitale<\/p>\n<p class=\"font_8\" style=\"text-align: center;\">PALAZZO VALENTINI, Sala della Pace, Via IV Novembre 119\/A, Rome<\/p>\n<p class=\"font_8\" style=\"text-align: center;\">Catalogo in mostra a cura della Tored srl<br \/>\ncon un contributo di Carmelo Occhipinti.<br \/>\nPresentazioni di Michele von B\u00fcren e Renato Mammucari<\/p>\n<p style=\"text-align: center;\">Curatrice della mostra e organizzazione<br \/>\nMichele von B\u00fcren | gallerista di RvB Arts, Roma<\/p>\n<p style=\"text-align: center;\">Ufficio stampa Caterina Falomo | caterina@pennarossapresslab.it<br \/>\ninfo +39 335 1633518 | info@rvbarts.it | caterina@pennarossapresslab.it<\/p>\n<p style=\"text-align: center;\">E con il gentile contributo di:<\/p>\n<p class=\"font_8\" style=\"text-align: center;\"><em>Colle Picchioni<\/em><br \/>\n<em>DMG &amp; Partners<\/em><br \/>\n<em>Edizioni Tored<\/em><br \/>\n<em>Fondazione Luigi Tronci<\/em><br \/>\n<em>MG Research<\/em><br \/>\n<em>RvB Arts<\/em><br \/>\n<em>SCA (Soci\u00e9t\u00e9 de Conception Acoustique)<\/em><\/p>\n<h3 class=\"font_8\" style=\"text-align: center;\">KORAI Incipit Memoria<\/h3>\n<p class=\"font_8\">Palazzo Valentini\u00a0ospiter\u00e0 da gioved\u00ec 21 marzo 2019 la mostra personale di\u00a0ALESSIO DELI,\u00a0KORAI Incipit Memoria, un\u2019iniziativa promossa dall\u2019Associazione Culturale Tonino Guerra\u00a0e patrocinata dalla\u00a0Citt\u00e0 metropolitana di Roma Capitale.<\/p>\n<p class=\"font_8\">Dalle 16:00 alle 20:00 sar\u00e0 possibile partecipare al\u00a0Vernissage\u00a0di presentazione, e la mostra sar\u00e0 visitabile dalle 10:00 alle 19:00 fino al 3 aprile con ingresso gratuito.<\/p>\n<p class=\"font_8\">Le\u00a0Korai\u00a0sono le ultime sculture di Alessio Deli, frutto di due intensi anni di lavoro dell\u2019artista, che vengono presentate per la prima volta al pubblico nella mostra di Palazzo Valentini.<\/p>\n<p class=\"font_8\">Le\u00a0Korai, singolare\u00a0kore\u00a0(\u03ba\u03cc\u03c1\u03b7 \u2013 ragazza, plur. \u03ba\u03cc\u03c1\u03b1\u03b9), sono il corrispondente femminile dei\u00a0kouroi,\u00a0spesso rappresentate come giovani donne che abbiano appena superato la fase della fanciullezza. Il termine kore venne utilizzato in seguito al ritrovamento di numerose statue votive femminili sull\u2019acropoli di Atene; sono statue femminili stanti di epoca arcaica rappresentate nell\u2019atto di porgere un\u2019offerta, probabilmente un frutto di melagrana, per il suo significato di abbondanza e prosperit\u00e0. Deli si appropria di questo antico e salvifico messaggio per reinterpretarlo nella sua visione di artista contemporaneo attraverso segni, fratture, corrosioni, ossidazioni e lacerazioni di un tempo che scorre inesorabile verso un\u2019umanit\u00e0 distratta e ferita.<\/p>\n<p class=\"font_8\">L\u2019artista \u00e8 conosciuto per le sue sculture realizzate mediante l\u2019assemblaggio e la modellazione di materiali riciclati. Il suo stile scultoreo ha profonde radici nella tradizione classica. Questo rapporto tra contemporaneo e classico si \u00e8 basato negli anni attraverso il recupero di materiali abbandonati e di riciclo, mentre, in quest\u2019ultima produzione artistica, in particolare per la realizzazione delle Korai, lo scultore mette in scena un recupero della memoria e delle identit\u00e0 storiche legate alla tradizione plastica italiana.<\/p>\n<p class=\"font_8\">Alessio Deli \u00e8 nato a Marino, in provincia di Roma, nel 1981. Dopo gli studi all\u2019Istituto d\u2019Arte di Marino si \u00e8 diplomato all\u2019Accademia di Belle Arti di Carrara dove si \u00e8 specializzato in scultura. Successivamente si abilita all\u2019insegnamento delle Discipline Plastiche presso l\u2019Accademia di Belle Arti a Roma.<\/p>\n<p class=\"font_8\">Le opere di Deli sono state esposte in prestigiose sedi istituzionali e importanti gallerie d\u2019arte contemporanea in Italia. In particolare sono collocate in collezioni come la Basilica di Santa Maria in Aracoeli, Roma; il Museo MacS, Catania; la Raccolta Civica d\u2019Arte Contemporanea di Palazzo Simoni F\u00e8, Bienno, Brescia; il Museo Roberto Bilotti Ruggi d\u2019Aragona di Rende, Cosenza; la Galleria Nazionale della Calabria, Cosenza; il Palazzo Municipale San Quirico d\u2019Orcia, Siena; la Sede Generale TV2000, Roma; l\u2019Antico Collegio Martino Filetico, Citt\u00e0 di Ferentino; l\u2019Universit\u00e0 degli Studi \u201cLa Sapienza\u201d Roma; la Nuova Chiesa S. Pietro Apostolo, Cosenza; il Chiostro S.Bonaventura al Palatino Roma ed il Parco Porporati, Torino.<\/p>\n<h3 class=\"font_8\" style=\"text-align: center;\">KORAI Incipit Memoria<\/h3>\n<p class=\"font_8\">Questa mostra, ospitata nella prestigiosa sede di Palazzo Valentini, presenta al pubblico per la prima volta una nuova serie di opere di Alessio Deli che include quattro sculture di fanciulle stanti e tre opere plastiche (un tondo e due mezzi busti).<\/p>\n<p class=\"font_8\">L&#8217;intera produzione artistica di Deli affianca il recupero della memoria storica con l&#8217;utilizzo di materiali di scarto, considerati di norma come non pregiati. Questi due filoni informano il suo fare in modo complementare, ma secondo composizioni percentuali di volta in volta diverse.<\/p>\n<p class=\"font_8\">Nelle opere pi\u00f9 recenti, come le Korai, Deli limita fortemente l&#8217;uso di materie povere, come il piombo patinato, destinando alla definizione delle vesti, mentre preferisce impiegare principalmente resina e gesso per modellare i corpi. Pertanto l&#8217;attenzione si concentra soprattutto sulla componente evocativa della forma: al volto levigato, che rimanda all&#8217;estetica rinascimentale del Francesco Laurana del Bode Museum, si contrappone la frammentazione della figura, evidente soprattutto negli arti. Nella tensione tra questi due poli si sviluppa un rapporto dinamico tra il contemporaneo e il ritorno alla statuaria classica &#8211; se non arcaica. In questo viaggio a ritroso, che parte dal presente e affonda le sue radici negli archetipi della tradizione &#8211; passando dagli artisti italiani del dopoguerra, come Arturo Martini e Marino Marini, fino a esponenti del Rinascimento come Luca della Robbia -, Deli recupera anche un&#8217;arte altra, considerata spesso minore, come quella devozionale, dove la manualit\u00e0 dell&#8217;artista riveste un ruolo fondamentale. Da questo confronto, emerge forte una certa idea di identit\u00e0 culturale, tutta imperniata sulla continuit\u00e0 e sulla permanenza della memoria, che va letteralmente a dare forma alla figura contemporanea, nonostante l&#8217;azione corrosiva del tempo su tutta la materia umana.<\/p>\n<p class=\"font_8\">In precedenza, Deli ha indagato la dimensione temporale dell&#8217;arte attraverso le potenzialit\u00e0 espressive che scaturivano dal reimpiego di oggetti trovati. Nel ridare dignit\u00e0 artistica a manufatti scartati, il linguaggio figurativo ne \u00e8 uscito rafforzato e riattualizzato. Il recupero di materiali poveri per la creazione di opere nuove gli ha permesso di raggiungere due obiettivi: da una parte, ha compilato una sorta di campionatura del reale tramite ci\u00f2 che \u00e8 stato rifiutato dal sistema del consumo, mentre contemporaneamente ha sottratto questi oggetti dall&#8217;oblio, per reinserirli nel flusso del tempo umano.<\/p>\n<p class=\"font_8\">La naturale conseguenza di questo processo \u00e8 scaturita in un&#8217;analisi profonda del rapporto dell&#8217;uomo con il tempo, nella sua dimensione personale e collettiva (la memoria e la storia), fino a risalire all&#8217;essenza primordiale &#8211; all&#8217;inizio, all&#8217;incipit &#8211; dell&#8217;opera d&#8217;arte stessa. Deli sembra quindi suggerire che ogni artista davvero contemporaneo al proprio tempo \u00e8, in realt\u00e0, antico, perch\u00e9 risultato dell&#8217;accumulazione e della stratificazione precedenti. Dal ricercare e accettare questa componente del passato nel proprio presente, nascono le Korai di Deli.<\/p>\n<p class=\"font_8\" style=\"text-align: right;\"><strong>Luisa Grigoletto<\/strong><\/p>\n[\/vc_column_text][\/vc_column][\/vc_row]\n","protected":false},"excerpt":{"rendered":"<p>[vc_row type=&#8221;in_container&#8221; full_screen_row_position=&#8221;middle&#8221; column_margin=&#8221;60px&#8221; column_direction=&#8221;default&#8221; column_direction_tablet=&#8221;default&#8221; column_direction_phone=&#8221;default&#8221; scene_position=&#8221;center&#8221; text_color=&#8221;dark&#8221; text_align=&#8221;left&#8221; row_border_radius=&#8221;none&#8221; row_border_radius_applies=&#8221;bg&#8221; overflow=&#8221;visible&#8221; advanced_gradient_angle=&#8221;0&#8243; overlay_strength=&#8221;0.3&#8243; gradient_direction=&#8221;left_to_right&#8221; shape_divider_position=&#8221;bottom&#8221; bg_image_animation=&#8221;none&#8221; gradient_type=&#8221;default&#8221; shape_type=&#8221;&#8221;][vc_column column_padding=&#8221;no-extra-padding&#8221; column_padding_tablet=&#8221;inherit&#8221; column_padding_phone=&#8221;inherit&#8221; column_padding_position=&#8221;all&#8221; column_element_direction_desktop=&#8221;default&#8221; column_element_spacing=&#8221;default&#8221; desktop_text_alignment=&#8221;default&#8221; tablet_text_alignment=&#8221;default&#8221; phone_text_alignment=&#8221;default&#8221; background_color_opacity=&#8221;1&#8243;&#8230;<\/p>\n","protected":false},"author":1,"featured_media":17877,"comment_status":"closed","ping_status":"closed","sticky":false,"template":"","format":"standard","meta":{"_jetpack_memberships_contains_paid_content":false,"footnotes":""},"categories":[111],"tags":[],"class_list":{"0":"post-9245","1":"post","2":"type-post","3":"status-publish","4":"format-standard","5":"has-post-thumbnail","7":"category-2019-it"},"yoast_head":"<!-- This site is optimized with the Yoast SEO plugin v27.5 - https:\/\/yoast.com\/product\/yoast-seo-wordpress\/ -->\n<title>Deli | Korai incipit memoria | Aprile 2019 | Von Buren Contemporary<\/title>\n<meta name=\"description\" content=\"Alessio Deli Korai Incipit Memoria, mostra personale museale al Palazzo Valentini di Roma. Marzo - Aprile 2019.\" \/>\n<meta name=\"robots\" content=\"index, follow, max-snippet:-1, max-image-preview:large, max-video-preview:-1\" \/>\n<link rel=\"canonical\" href=\"https:\/\/vonburencontemporary.com\/it\/alessio-deli-korai-incipit-memoria-mostra-personale-aprile-maggio-2019\/\" \/>\n<meta property=\"og:locale\" content=\"it_IT\" \/>\n<meta property=\"og:type\" content=\"article\" \/>\n<meta property=\"og:title\" content=\"Deli | Korai incipit memoria | Aprile 2019 | Von Buren Contemporary\" \/>\n<meta property=\"og:description\" content=\"Alessio Deli Korai Incipit Memoria, mostra personale museale al Palazzo Valentini di Roma. Marzo - Aprile 2019.\" \/>\n<meta property=\"og:url\" content=\"https:\/\/vonburencontemporary.com\/it\/alessio-deli-korai-incipit-memoria-mostra-personale-aprile-maggio-2019\/\" \/>\n<meta property=\"og:site_name\" content=\"Von Buren Contemporary\" \/>\n<meta property=\"article:published_time\" content=\"2019-03-21T15:12:18+00:00\" \/>\n<meta property=\"article:modified_time\" content=\"2023-04-27T14:00:04+00:00\" \/>\n<meta property=\"og:image\" content=\"https:\/\/vonburencontemporary.com\/wp-content\/uploads\/2022\/04\/korai-feat.jpg\" \/>\n\t<meta property=\"og:image:width\" content=\"1096\" \/>\n\t<meta property=\"og:image:height\" content=\"672\" \/>\n\t<meta property=\"og:image:type\" content=\"image\/jpeg\" \/>\n<meta name=\"author\" content=\"admin\" \/>\n<meta name=\"twitter:card\" content=\"summary_large_image\" \/>\n<meta name=\"twitter:label1\" content=\"Scritto da\" \/>\n\t<meta name=\"twitter:data1\" content=\"admin\" \/>\n\t<meta name=\"twitter:label2\" content=\"Tempo di lettura stimato\" \/>\n\t<meta name=\"twitter:data2\" content=\"6 minuti\" \/>\n<script type=\"application\/ld+json\" class=\"yoast-schema-graph\">{\"@context\":\"https:\\\/\\\/schema.org\",\"@graph\":[{\"@type\":\"Article\",\"@id\":\"https:\\\/\\\/vonburencontemporary.com\\\/it\\\/alessio-deli-korai-incipit-memoria-mostra-personale-aprile-maggio-2019\\\/#article\",\"isPartOf\":{\"@id\":\"https:\\\/\\\/vonburencontemporary.com\\\/it\\\/alessio-deli-korai-incipit-memoria-mostra-personale-aprile-maggio-2019\\\/\"},\"author\":{\"name\":\"admin\",\"@id\":\"https:\\\/\\\/vonburencontemporary.com\\\/it\\\/#\\\/schema\\\/person\\\/ea111bd4c856049908311a25b5a0e770\"},\"headline\":\"Deli | Korai incipit memoria | Aprile 2019\",\"datePublished\":\"2019-03-21T15:12:18+00:00\",\"dateModified\":\"2023-04-27T14:00:04+00:00\",\"mainEntityOfPage\":{\"@id\":\"https:\\\/\\\/vonburencontemporary.com\\\/it\\\/alessio-deli-korai-incipit-memoria-mostra-personale-aprile-maggio-2019\\\/\"},\"wordCount\":1849,\"publisher\":{\"@id\":\"https:\\\/\\\/vonburencontemporary.com\\\/it\\\/#organization\"},\"image\":{\"@id\":\"https:\\\/\\\/vonburencontemporary.com\\\/it\\\/alessio-deli-korai-incipit-memoria-mostra-personale-aprile-maggio-2019\\\/#primaryimage\"},\"thumbnailUrl\":\"https:\\\/\\\/vonburencontemporary.com\\\/wp-content\\\/uploads\\\/2019\\\/03\\\/Alessio-Deli_Donna-del-Damascato-2-copia-scaled.jpg\",\"articleSection\":[\"2019\"],\"inLanguage\":\"it-IT\"},{\"@type\":\"WebPage\",\"@id\":\"https:\\\/\\\/vonburencontemporary.com\\\/it\\\/alessio-deli-korai-incipit-memoria-mostra-personale-aprile-maggio-2019\\\/\",\"url\":\"https:\\\/\\\/vonburencontemporary.com\\\/it\\\/alessio-deli-korai-incipit-memoria-mostra-personale-aprile-maggio-2019\\\/\",\"name\":\"Deli | Korai incipit memoria | Aprile 2019 | Von Buren Contemporary\",\"isPartOf\":{\"@id\":\"https:\\\/\\\/vonburencontemporary.com\\\/it\\\/#website\"},\"primaryImageOfPage\":{\"@id\":\"https:\\\/\\\/vonburencontemporary.com\\\/it\\\/alessio-deli-korai-incipit-memoria-mostra-personale-aprile-maggio-2019\\\/#primaryimage\"},\"image\":{\"@id\":\"https:\\\/\\\/vonburencontemporary.com\\\/it\\\/alessio-deli-korai-incipit-memoria-mostra-personale-aprile-maggio-2019\\\/#primaryimage\"},\"thumbnailUrl\":\"https:\\\/\\\/vonburencontemporary.com\\\/wp-content\\\/uploads\\\/2019\\\/03\\\/Alessio-Deli_Donna-del-Damascato-2-copia-scaled.jpg\",\"datePublished\":\"2019-03-21T15:12:18+00:00\",\"dateModified\":\"2023-04-27T14:00:04+00:00\",\"description\":\"Alessio Deli Korai Incipit Memoria, mostra personale museale al Palazzo Valentini di Roma. Marzo - Aprile 2019.\",\"breadcrumb\":{\"@id\":\"https:\\\/\\\/vonburencontemporary.com\\\/it\\\/alessio-deli-korai-incipit-memoria-mostra-personale-aprile-maggio-2019\\\/#breadcrumb\"},\"inLanguage\":\"it-IT\",\"potentialAction\":[{\"@type\":\"ReadAction\",\"target\":[\"https:\\\/\\\/vonburencontemporary.com\\\/it\\\/alessio-deli-korai-incipit-memoria-mostra-personale-aprile-maggio-2019\\\/\"]}]},{\"@type\":\"ImageObject\",\"inLanguage\":\"it-IT\",\"@id\":\"https:\\\/\\\/vonburencontemporary.com\\\/it\\\/alessio-deli-korai-incipit-memoria-mostra-personale-aprile-maggio-2019\\\/#primaryimage\",\"url\":\"https:\\\/\\\/vonburencontemporary.com\\\/wp-content\\\/uploads\\\/2019\\\/03\\\/Alessio-Deli_Donna-del-Damascato-2-copia-scaled.jpg\",\"contentUrl\":\"https:\\\/\\\/vonburencontemporary.com\\\/wp-content\\\/uploads\\\/2019\\\/03\\\/Alessio-Deli_Donna-del-Damascato-2-copia-scaled.jpg\",\"width\":2560,\"height\":2560,\"caption\":\"alessio deli\"},{\"@type\":\"BreadcrumbList\",\"@id\":\"https:\\\/\\\/vonburencontemporary.com\\\/it\\\/alessio-deli-korai-incipit-memoria-mostra-personale-aprile-maggio-2019\\\/#breadcrumb\",\"itemListElement\":[{\"@type\":\"ListItem\",\"position\":1,\"name\":\"Home\",\"item\":\"https:\\\/\\\/vonburencontemporary.com\\\/it\\\/\"},{\"@type\":\"ListItem\",\"position\":2,\"name\":\"Deli | Korai incipit memoria | Aprile 2019\"}]},{\"@type\":\"WebSite\",\"@id\":\"https:\\\/\\\/vonburencontemporary.com\\\/it\\\/#website\",\"url\":\"https:\\\/\\\/vonburencontemporary.com\\\/it\\\/\",\"name\":\"Von Buren Contemporary\",\"description\":\"\",\"publisher\":{\"@id\":\"https:\\\/\\\/vonburencontemporary.com\\\/it\\\/#organization\"},\"potentialAction\":[{\"@type\":\"SearchAction\",\"target\":{\"@type\":\"EntryPoint\",\"urlTemplate\":\"https:\\\/\\\/vonburencontemporary.com\\\/it\\\/?s={search_term_string}\"},\"query-input\":{\"@type\":\"PropertyValueSpecification\",\"valueRequired\":true,\"valueName\":\"search_term_string\"}}],\"inLanguage\":\"it-IT\"},{\"@type\":\"Organization\",\"@id\":\"https:\\\/\\\/vonburencontemporary.com\\\/it\\\/#organization\",\"name\":\"Von Buren Contemporary\",\"url\":\"https:\\\/\\\/vonburencontemporary.com\\\/it\\\/\",\"logo\":{\"@type\":\"ImageObject\",\"inLanguage\":\"it-IT\",\"@id\":\"https:\\\/\\\/vonburencontemporary.com\\\/it\\\/#\\\/schema\\\/logo\\\/image\\\/\",\"url\":\"https:\\\/\\\/vonburencontemporary.com\\\/wp-content\\\/uploads\\\/2022\\\/03\\\/VBC-Logo-Colour.png\",\"contentUrl\":\"https:\\\/\\\/vonburencontemporary.com\\\/wp-content\\\/uploads\\\/2022\\\/03\\\/VBC-Logo-Colour.png\",\"width\":222,\"height\":216,\"caption\":\"Von Buren Contemporary\"},\"image\":{\"@id\":\"https:\\\/\\\/vonburencontemporary.com\\\/it\\\/#\\\/schema\\\/logo\\\/image\\\/\"},\"sameAs\":[\"https:\\\/\\\/www.instagram.com\\\/vonburen.contemporary\\\/\"]},{\"@type\":\"Person\",\"@id\":\"https:\\\/\\\/vonburencontemporary.com\\\/it\\\/#\\\/schema\\\/person\\\/ea111bd4c856049908311a25b5a0e770\",\"name\":\"admin\",\"image\":{\"@type\":\"ImageObject\",\"inLanguage\":\"it-IT\",\"@id\":\"https:\\\/\\\/secure.gravatar.com\\\/avatar\\\/f1d9679bdf13153605a272267f57e526ca189c4237c00fcfc54854d1a5b43e70?s=96&d=mm&r=g\",\"url\":\"https:\\\/\\\/secure.gravatar.com\\\/avatar\\\/f1d9679bdf13153605a272267f57e526ca189c4237c00fcfc54854d1a5b43e70?s=96&d=mm&r=g\",\"contentUrl\":\"https:\\\/\\\/secure.gravatar.com\\\/avatar\\\/f1d9679bdf13153605a272267f57e526ca189c4237c00fcfc54854d1a5b43e70?s=96&d=mm&r=g\",\"caption\":\"admin\"},\"url\":\"https:\\\/\\\/vonburencontemporary.com\\\/it\\\/author\\\/warren_i2c48846\\\/\"}]}<\/script>\n<!-- \/ Yoast SEO plugin. -->","yoast_head_json":{"title":"Deli | Korai incipit memoria | Aprile 2019 | Von Buren Contemporary","description":"Alessio Deli Korai Incipit Memoria, mostra personale museale al Palazzo Valentini di Roma. Marzo - Aprile 2019.","robots":{"index":"index","follow":"follow","max-snippet":"max-snippet:-1","max-image-preview":"max-image-preview:large","max-video-preview":"max-video-preview:-1"},"canonical":"https:\/\/vonburencontemporary.com\/it\/alessio-deli-korai-incipit-memoria-mostra-personale-aprile-maggio-2019\/","og_locale":"it_IT","og_type":"article","og_title":"Deli | Korai incipit memoria | Aprile 2019 | Von Buren Contemporary","og_description":"Alessio Deli Korai Incipit Memoria, mostra personale museale al Palazzo Valentini di Roma. Marzo - Aprile 2019.","og_url":"https:\/\/vonburencontemporary.com\/it\/alessio-deli-korai-incipit-memoria-mostra-personale-aprile-maggio-2019\/","og_site_name":"Von Buren Contemporary","article_published_time":"2019-03-21T15:12:18+00:00","article_modified_time":"2023-04-27T14:00:04+00:00","og_image":[{"width":1096,"height":672,"url":"https:\/\/vonburencontemporary.com\/wp-content\/uploads\/2022\/04\/korai-feat.jpg","type":"image\/jpeg"}],"author":"admin","twitter_card":"summary_large_image","twitter_misc":{"Scritto da":"admin","Tempo di lettura stimato":"6 minuti"},"schema":{"@context":"https:\/\/schema.org","@graph":[{"@type":"Article","@id":"https:\/\/vonburencontemporary.com\/it\/alessio-deli-korai-incipit-memoria-mostra-personale-aprile-maggio-2019\/#article","isPartOf":{"@id":"https:\/\/vonburencontemporary.com\/it\/alessio-deli-korai-incipit-memoria-mostra-personale-aprile-maggio-2019\/"},"author":{"name":"admin","@id":"https:\/\/vonburencontemporary.com\/it\/#\/schema\/person\/ea111bd4c856049908311a25b5a0e770"},"headline":"Deli | Korai incipit memoria | Aprile 2019","datePublished":"2019-03-21T15:12:18+00:00","dateModified":"2023-04-27T14:00:04+00:00","mainEntityOfPage":{"@id":"https:\/\/vonburencontemporary.com\/it\/alessio-deli-korai-incipit-memoria-mostra-personale-aprile-maggio-2019\/"},"wordCount":1849,"publisher":{"@id":"https:\/\/vonburencontemporary.com\/it\/#organization"},"image":{"@id":"https:\/\/vonburencontemporary.com\/it\/alessio-deli-korai-incipit-memoria-mostra-personale-aprile-maggio-2019\/#primaryimage"},"thumbnailUrl":"https:\/\/vonburencontemporary.com\/wp-content\/uploads\/2019\/03\/Alessio-Deli_Donna-del-Damascato-2-copia-scaled.jpg","articleSection":["2019"],"inLanguage":"it-IT"},{"@type":"WebPage","@id":"https:\/\/vonburencontemporary.com\/it\/alessio-deli-korai-incipit-memoria-mostra-personale-aprile-maggio-2019\/","url":"https:\/\/vonburencontemporary.com\/it\/alessio-deli-korai-incipit-memoria-mostra-personale-aprile-maggio-2019\/","name":"Deli | Korai incipit memoria | Aprile 2019 | Von Buren Contemporary","isPartOf":{"@id":"https:\/\/vonburencontemporary.com\/it\/#website"},"primaryImageOfPage":{"@id":"https:\/\/vonburencontemporary.com\/it\/alessio-deli-korai-incipit-memoria-mostra-personale-aprile-maggio-2019\/#primaryimage"},"image":{"@id":"https:\/\/vonburencontemporary.com\/it\/alessio-deli-korai-incipit-memoria-mostra-personale-aprile-maggio-2019\/#primaryimage"},"thumbnailUrl":"https:\/\/vonburencontemporary.com\/wp-content\/uploads\/2019\/03\/Alessio-Deli_Donna-del-Damascato-2-copia-scaled.jpg","datePublished":"2019-03-21T15:12:18+00:00","dateModified":"2023-04-27T14:00:04+00:00","description":"Alessio Deli Korai Incipit Memoria, mostra personale museale al Palazzo Valentini di Roma. Marzo - Aprile 2019.","breadcrumb":{"@id":"https:\/\/vonburencontemporary.com\/it\/alessio-deli-korai-incipit-memoria-mostra-personale-aprile-maggio-2019\/#breadcrumb"},"inLanguage":"it-IT","potentialAction":[{"@type":"ReadAction","target":["https:\/\/vonburencontemporary.com\/it\/alessio-deli-korai-incipit-memoria-mostra-personale-aprile-maggio-2019\/"]}]},{"@type":"ImageObject","inLanguage":"it-IT","@id":"https:\/\/vonburencontemporary.com\/it\/alessio-deli-korai-incipit-memoria-mostra-personale-aprile-maggio-2019\/#primaryimage","url":"https:\/\/vonburencontemporary.com\/wp-content\/uploads\/2019\/03\/Alessio-Deli_Donna-del-Damascato-2-copia-scaled.jpg","contentUrl":"https:\/\/vonburencontemporary.com\/wp-content\/uploads\/2019\/03\/Alessio-Deli_Donna-del-Damascato-2-copia-scaled.jpg","width":2560,"height":2560,"caption":"alessio deli"},{"@type":"BreadcrumbList","@id":"https:\/\/vonburencontemporary.com\/it\/alessio-deli-korai-incipit-memoria-mostra-personale-aprile-maggio-2019\/#breadcrumb","itemListElement":[{"@type":"ListItem","position":1,"name":"Home","item":"https:\/\/vonburencontemporary.com\/it\/"},{"@type":"ListItem","position":2,"name":"Deli | Korai incipit memoria | Aprile 2019"}]},{"@type":"WebSite","@id":"https:\/\/vonburencontemporary.com\/it\/#website","url":"https:\/\/vonburencontemporary.com\/it\/","name":"Von Buren Contemporary","description":"","publisher":{"@id":"https:\/\/vonburencontemporary.com\/it\/#organization"},"potentialAction":[{"@type":"SearchAction","target":{"@type":"EntryPoint","urlTemplate":"https:\/\/vonburencontemporary.com\/it\/?s={search_term_string}"},"query-input":{"@type":"PropertyValueSpecification","valueRequired":true,"valueName":"search_term_string"}}],"inLanguage":"it-IT"},{"@type":"Organization","@id":"https:\/\/vonburencontemporary.com\/it\/#organization","name":"Von Buren Contemporary","url":"https:\/\/vonburencontemporary.com\/it\/","logo":{"@type":"ImageObject","inLanguage":"it-IT","@id":"https:\/\/vonburencontemporary.com\/it\/#\/schema\/logo\/image\/","url":"https:\/\/vonburencontemporary.com\/wp-content\/uploads\/2022\/03\/VBC-Logo-Colour.png","contentUrl":"https:\/\/vonburencontemporary.com\/wp-content\/uploads\/2022\/03\/VBC-Logo-Colour.png","width":222,"height":216,"caption":"Von Buren Contemporary"},"image":{"@id":"https:\/\/vonburencontemporary.com\/it\/#\/schema\/logo\/image\/"},"sameAs":["https:\/\/www.instagram.com\/vonburen.contemporary\/"]},{"@type":"Person","@id":"https:\/\/vonburencontemporary.com\/it\/#\/schema\/person\/ea111bd4c856049908311a25b5a0e770","name":"admin","image":{"@type":"ImageObject","inLanguage":"it-IT","@id":"https:\/\/secure.gravatar.com\/avatar\/f1d9679bdf13153605a272267f57e526ca189c4237c00fcfc54854d1a5b43e70?s=96&d=mm&r=g","url":"https:\/\/secure.gravatar.com\/avatar\/f1d9679bdf13153605a272267f57e526ca189c4237c00fcfc54854d1a5b43e70?s=96&d=mm&r=g","contentUrl":"https:\/\/secure.gravatar.com\/avatar\/f1d9679bdf13153605a272267f57e526ca189c4237c00fcfc54854d1a5b43e70?s=96&d=mm&r=g","caption":"admin"},"url":"https:\/\/vonburencontemporary.com\/it\/author\/warren_i2c48846\/"}]}},"jetpack_featured_media_url":"https:\/\/vonburencontemporary.com\/wp-content\/uploads\/2019\/03\/Alessio-Deli_Donna-del-Damascato-2-copia-scaled.jpg","jetpack_sharing_enabled":true,"_links":{"self":[{"href":"https:\/\/vonburencontemporary.com\/it\/wp-json\/wp\/v2\/posts\/9245","targetHints":{"allow":["GET"]}}],"collection":[{"href":"https:\/\/vonburencontemporary.com\/it\/wp-json\/wp\/v2\/posts"}],"about":[{"href":"https:\/\/vonburencontemporary.com\/it\/wp-json\/wp\/v2\/types\/post"}],"author":[{"embeddable":true,"href":"https:\/\/vonburencontemporary.com\/it\/wp-json\/wp\/v2\/users\/1"}],"replies":[{"embeddable":true,"href":"https:\/\/vonburencontemporary.com\/it\/wp-json\/wp\/v2\/comments?post=9245"}],"version-history":[{"count":0,"href":"https:\/\/vonburencontemporary.com\/it\/wp-json\/wp\/v2\/posts\/9245\/revisions"}],"wp:featuredmedia":[{"embeddable":true,"href":"https:\/\/vonburencontemporary.com\/it\/wp-json\/wp\/v2\/media\/17877"}],"wp:attachment":[{"href":"https:\/\/vonburencontemporary.com\/it\/wp-json\/wp\/v2\/media?parent=9245"}],"wp:term":[{"taxonomy":"category","embeddable":true,"href":"https:\/\/vonburencontemporary.com\/it\/wp-json\/wp\/v2\/categories?post=9245"},{"taxonomy":"post_tag","embeddable":true,"href":"https:\/\/vonburencontemporary.com\/it\/wp-json\/wp\/v2\/tags?post=9245"}],"curies":[{"name":"wp","href":"https:\/\/api.w.org\/{rel}","templated":true}]}}