{"id":9309,"date":"2017-02-23T15:35:57","date_gmt":"2017-02-23T15:35:57","guid":{"rendered":"https:\/\/vbc.wpgmedia.it\/carloni-spernazza-cosimo-february-march-2017\/"},"modified":"2023-06-14T10:28:32","modified_gmt":"2023-06-14T10:28:32","slug":"carloni-spernazza-cosimo-febbraio-marzo-2017","status":"publish","type":"post","link":"https:\/\/vonburencontemporary.com\/it\/carloni-spernazza-cosimo-febbraio-marzo-2017\/","title":{"rendered":"Carloni &#038; Spernazza | Cosimo | Febbraio 2017"},"content":{"rendered":"[vc_row type=&#8221;in_container&#8221; full_screen_row_position=&#8221;middle&#8221; column_margin=&#8221;60px&#8221; column_direction=&#8221;default&#8221; column_direction_tablet=&#8221;default&#8221; column_direction_phone=&#8221;default&#8221; scene_position=&#8221;center&#8221; text_color=&#8221;dark&#8221; text_align=&#8221;left&#8221; row_border_radius=&#8221;none&#8221; row_border_radius_applies=&#8221;bg&#8221; overflow=&#8221;visible&#8221; advanced_gradient_angle=&#8221;0&#8243; overlay_strength=&#8221;0.3&#8243; gradient_direction=&#8221;left_to_right&#8221; shape_divider_position=&#8221;bottom&#8221; bg_image_animation=&#8221;none&#8221; gradient_type=&#8221;default&#8221; shape_type=&#8221;&#8221;][vc_column column_padding=&#8221;no-extra-padding&#8221; column_padding_tablet=&#8221;inherit&#8221; column_padding_phone=&#8221;inherit&#8221; column_padding_position=&#8221;all&#8221; column_element_spacing=&#8221;default&#8221; background_color_opacity=&#8221;1&#8243; background_hover_color_opacity=&#8221;1&#8243; column_shadow=&#8221;none&#8221; column_border_radius=&#8221;none&#8221; column_link_target=&#8221;_self&#8221; column_position=&#8221;default&#8221; gradient_direction=&#8221;left_to_right&#8221; overlay_strength=&#8221;0.3&#8243; width=&#8221;1\/1&#8243; tablet_width_inherit=&#8221;default&#8221; tablet_text_alignment=&#8221;default&#8221; phone_text_alignment=&#8221;default&#8221; animation_type=&#8221;default&#8221; bg_image_animation=&#8221;none&#8221; border_type=&#8221;simple&#8221; column_border_width=&#8221;none&#8221; column_border_style=&#8221;solid&#8221;][vc_row_inner column_margin=&#8221;default&#8221; column_direction=&#8221;default&#8221; column_direction_tablet=&#8221;default&#8221; column_direction_phone=&#8221;default&#8221; text_align=&#8221;left&#8221; row_position=&#8221;default&#8221; row_position_tablet=&#8221;inherit&#8221; row_position_phone=&#8221;inherit&#8221; overflow=&#8221;visible&#8221; pointer_events=&#8221;all&#8221;][vc_column_inner column_padding=&#8221;no-extra-padding&#8221; column_padding_tablet=&#8221;inherit&#8221; column_padding_phone=&#8221;inherit&#8221; column_padding_position=&#8221;all&#8221; column_element_spacing=&#8221;default&#8221; centered_text=&#8221;true&#8221; background_color_opacity=&#8221;1&#8243; background_hover_color_opacity=&#8221;1&#8243; column_shadow=&#8221;none&#8221; column_border_radius=&#8221;none&#8221; column_link_target=&#8221;_self&#8221; advanced_gradient_angle=&#8221;0&#8243; gradient_direction=&#8221;left_to_right&#8221; overlay_strength=&#8221;0.3&#8243; width=&#8221;1\/1&#8243; tablet_width_inherit=&#8221;default&#8221; animation_type=&#8221;default&#8221; bg_image_animation=&#8221;none&#8221; border_type=&#8221;simple&#8221; column_border_width=&#8221;none&#8221; column_border_style=&#8221;solid&#8221; gradient_type=&#8221;default&#8221;][image_with_animation image_url=&#8221;7388&#8243; image_size=&#8221;full&#8221; animation_type=&#8221;entrance&#8221; animation=&#8221;Fade In&#8221; hover_animation=&#8221;none&#8221; alignment=&#8221;&#8221; border_radius=&#8221;none&#8221; box_shadow=&#8221;none&#8221; image_loading=&#8221;default&#8221; max_width=&#8221;100%&#8221; max_width_mobile=&#8221;default&#8221;][\/vc_column_inner][\/vc_row_inner][divider line_type=&#8221;No Line&#8221; custom_height=&#8221;15&#8243;][vc_row_inner equal_height=&#8221;yes&#8221; content_placement=&#8221;middle&#8221; column_margin=&#8221;default&#8221; column_direction=&#8221;default&#8221; column_direction_tablet=&#8221;default&#8221; column_direction_phone=&#8221;default&#8221; text_align=&#8221;left&#8221; row_position=&#8221;default&#8221; row_position_tablet=&#8221;inherit&#8221; row_position_phone=&#8221;inherit&#8221; overflow=&#8221;visible&#8221; pointer_events=&#8221;all&#8221;][vc_column_inner column_padding=&#8221;no-extra-padding&#8221; column_padding_tablet=&#8221;inherit&#8221; column_padding_phone=&#8221;inherit&#8221; column_padding_position=&#8221;all&#8221; column_element_spacing=&#8221;default&#8221; background_color_opacity=&#8221;1&#8243; background_hover_color_opacity=&#8221;1&#8243; column_shadow=&#8221;none&#8221; column_border_radius=&#8221;none&#8221; column_link_target=&#8221;_self&#8221; gradient_direction=&#8221;left_to_right&#8221; overlay_strength=&#8221;0.3&#8243; width=&#8221;2\/3&#8243; tablet_width_inherit=&#8221;default&#8221; animation_type=&#8221;default&#8221; bg_image_animation=&#8221;none&#8221; border_type=&#8221;simple&#8221; column_border_width=&#8221;none&#8221; column_border_style=&#8221;solid&#8221;][vc_column_text]\n<div id=\"comp-l08crjji\" class=\"_1Q9if\" data-testid=\"richTextElement\">\n<h3 class=\"font_8\"><span class=\"color_14\">Time &amp; Location<\/span><\/h3>\n<\/div>\n[\/vc_column_text][vc_column_text]\n<div id=\"comp-l08crjji\" class=\"_1Q9if\" data-testid=\"richTextElement\"><\/div>\n<div id=\"comp-l08crjjo\" class=\"_2Hij5\" data-testid=\"richTextElement\">\n<p class=\"font_8\"><strong>Vernissage | 23 e 24 Febbraio 2017 | 18:00 &#8211; 22:00<\/strong><\/p>\n<p class=\"font_8\">Dal 23 al 11 Marzo 2017 | 10:00 &#8211; 20:00<\/p>\n<\/div>\n<div id=\"comp-k3q1yvcn\" class=\"_1Q9if\" data-testid=\"richTextElement\">\n<p class=\"font_8\">RvB ARTS, Via delle Zoccolette 28, Roma<\/p>\n<\/div>\n<div id=\"comp-k3q1yvcs\" class=\"XUUsC _2S73V\" title=\"\">\n<div class=\"xQ_iF\" data-testid=\"linkElement\"><\/div>\n<\/div>\n[\/vc_column_text][\/vc_column_inner][vc_column_inner column_padding=&#8221;padding-2-percent&#8221; column_padding_tablet=&#8221;inherit&#8221; column_padding_phone=&#8221;inherit&#8221; column_padding_position=&#8221;top&#8221; column_element_spacing=&#8221;default&#8221; centered_text=&#8221;true&#8221; background_color_opacity=&#8221;1&#8243; background_hover_color_opacity=&#8221;1&#8243; column_shadow=&#8221;none&#8221; column_border_radius=&#8221;none&#8221; column_link_target=&#8221;_self&#8221; advanced_gradient_angle=&#8221;0&#8243; gradient_direction=&#8221;left_to_right&#8221; overlay_strength=&#8221;0.3&#8243; width=&#8221;1\/3&#8243; tablet_width_inherit=&#8221;default&#8221; animation_type=&#8221;default&#8221; bg_image_animation=&#8221;none&#8221; border_type=&#8221;simple&#8221; column_border_width=&#8221;none&#8221; column_border_style=&#8221;solid&#8221; gradient_type=&#8221;default&#8221;][\/vc_column_inner][\/vc_row_inner][vc_row_inner column_margin=&#8221;default&#8221; column_direction=&#8221;default&#8221; column_direction_tablet=&#8221;default&#8221; column_direction_phone=&#8221;default&#8221; text_align=&#8221;left&#8221; row_position=&#8221;default&#8221; row_position_tablet=&#8221;inherit&#8221; row_position_phone=&#8221;inherit&#8221; overflow=&#8221;visible&#8221; pointer_events=&#8221;all&#8221;][vc_column_inner column_padding=&#8221;no-extra-padding&#8221; column_padding_tablet=&#8221;inherit&#8221; column_padding_phone=&#8221;inherit&#8221; column_padding_position=&#8221;all&#8221; column_element_spacing=&#8221;default&#8221; background_color_opacity=&#8221;1&#8243; background_hover_color_opacity=&#8221;1&#8243; column_shadow=&#8221;none&#8221; column_border_radius=&#8221;none&#8221; column_link_target=&#8221;_self&#8221; gradient_direction=&#8221;left_to_right&#8221; overlay_strength=&#8221;0.3&#8243; width=&#8221;1\/1&#8243; tablet_width_inherit=&#8221;default&#8221; animation_type=&#8221;default&#8221; bg_image_animation=&#8221;none&#8221; border_type=&#8221;simple&#8221; column_border_width=&#8221;none&#8221; column_border_style=&#8221;solid&#8221;][vc_gallery type=&#8221;image_grid&#8221; images=&#8221;7392,7394,7396,7398,7400,7402&#8243; image_grid_loading=&#8221;lazy-load&#8221; layout=&#8221;2&#8243; item_spacing=&#8221;default&#8221; gallery_style=&#8221;7&#8243; load_in_animation=&#8221;fade_in_from_bottom&#8221;][\/vc_column_inner][\/vc_row_inner][vc_column_text]\n<h3 class=\"font_0\" style=\"text-align: center;\">COSIMO<\/h3>\n<p class=\"font_8\" style=\"text-align: center;\">quadri di<\/p>\n<p class=\"font_8\" style=\"text-align: center;\"><strong>Alessandra Carloni<\/strong><\/p>\n<p class=\"font_8\" style=\"text-align: center;\">sculture di<\/p>\n<p class=\"font_8\" style=\"text-align: center;\"><strong>Giulia Spernazza<\/strong><\/p>\n<p class=\"font_8\" style=\"text-align: center;\">La mostra rester\u00e0 aperta fino a Sabato 11 Marzo<br \/>\nOrari: 11:00-13:30 e 16:00-19:30; Domenica e Luned\u00ec chiuso<\/p>\n<p class=\"font_8\" style=\"text-align: center;\">Curatrice e organizzazione:\u00a0Michele von B\u00fcren<\/p>\n<h3 class=\"font_8\" style=\"text-align: center;\">COMUNICATO STAMPA<\/h3>\n<blockquote>\n<p class=\"font_8\"><em>Sempre per\u00f2 sapendo che per essere con gli altri veramente, la sola via era d\u2019essere separato dagli altri, d\u2019imporre testardamente a s\u00e8 e agli altri quella sua incomoda singolarit\u00e0 e solitudine in tutte le ore e in tutti i momenti della sua vita, cos\u00ec come \u00e8 vocazione del poeta, dell\u2019esploratore, del rivoluzionario.<\/em><\/p>\n<\/blockquote>\n<p class=\"font_8\" style=\"text-align: right;\">(Italo Calvino parlando di Cosimo, protagonista del suo romanzo\u00a0Il Barone rampante)<\/p>\n<p class=\"font_8\">Cosimo\u00a0\u00e8 una mostra che celebra il mondo leggero ma profondo creato da Italo Calvino nel suo indimenticabile romanzo\u00a0Il Barone rampante\u00a0(1957).<\/p>\n<p class=\"font_8\">Due artiste romane, Alessandra Carloni e Giulia Spernazza, hanno voluto omaggiare Cosimo Piovasco di Rond\u00f2, il giovane barone ribelle che dopo un litigio con suo padre per un piatto di viscide lumache, si rifugia sugli alberi e decide di non scendere pi\u00f9. Senza mai mettere i piedi a terra, Cosimo trascorre la sua vita non come figura isolata, ma a stretto contatto con le storie e i protagonisti del suo tempo, una vita piena di avventure, amore e libert\u00e0, segnata della determinazione e il coraggio di tener fede alle proprie idee.<\/p>\n<p class=\"font_8\">Questa costante tensione tra solitudine e slancio vitale \u00e8 presente nei dipinti di\u00a0Alessandra Carloni, dove i suoi personaggi, immersi in contesti di straordinaria immaginazione, si trovano a ristabilire un contatto con la natura e la parte pi\u00f9 intima del loro essere. La natura \u00e8 anche il filo conduttore e costitutivo delle sculture di\u00a0Giulia Spernazza, dove rami e sabbia creano l\u2019anima delle sue lievi ed esili figure e ci riportano al giovane barone e a Viola, suo amore evanescente.<\/p>\n<p class=\"font_8\">Alessandra Carloni\u00a0nasce nel 1984 a Roma dove vive e lavora. Dopo essersi diplomata all\u2019Accademia di Belle Arti di Roma nel 2008 si \u00e8 anche laureata in Storia dell\u2019Arte Contemporanea. Dal 2009 partecipa a mostre personali e collettive in tutta Italia vincendo nel 2013 il premio per la pittura Basilio Cascella. Parallelamente si dedica alla pratica dei murales aggiudicandosi attraverso concorsi la realizzazione di interventi sui muri in diverse citt\u00e0.<\/p>\n<p class=\"font_8\">Giulia Spernazza\u00a0nasce a Roma nel 1979. Nel 2008 consegue con il massimo dei voti il Diploma Accademico in decorazione presso l\u2019Accademia di Belle Arti di Roma. Espone in diverse mostre personali e collettive in gallerie e presso luoghi istituzionali. Nel 2014 vince il Primo Premio Adrenalina 3.0 nella categoria Installazioni e nel 2011 ottiene la mansione speciale della giuria al concorso\u00a0Roma Restyle\u00a0per la sua opera\u00a0Essere Umano.<\/p>\n[\/vc_column_text][\/vc_column][\/vc_row]\n","protected":false},"excerpt":{"rendered":"<p>[vc_row type=&#8221;in_container&#8221; full_screen_row_position=&#8221;middle&#8221; column_margin=&#8221;60px&#8221; column_direction=&#8221;default&#8221; column_direction_tablet=&#8221;default&#8221; column_direction_phone=&#8221;default&#8221; scene_position=&#8221;center&#8221; text_color=&#8221;dark&#8221; text_align=&#8221;left&#8221; row_border_radius=&#8221;none&#8221; row_border_radius_applies=&#8221;bg&#8221; overflow=&#8221;visible&#8221; advanced_gradient_angle=&#8221;0&#8243; overlay_strength=&#8221;0.3&#8243; gradient_direction=&#8221;left_to_right&#8221; shape_divider_position=&#8221;bottom&#8221; bg_image_animation=&#8221;none&#8221; gradient_type=&#8221;default&#8221; shape_type=&#8221;&#8221;][vc_column column_padding=&#8221;no-extra-padding&#8221; column_padding_tablet=&#8221;inherit&#8221; column_padding_phone=&#8221;inherit&#8221; column_padding_position=&#8221;all&#8221; column_element_spacing=&#8221;default&#8221; background_color_opacity=&#8221;1&#8243; background_hover_color_opacity=&#8221;1&#8243; column_shadow=&#8221;none&#8221; column_border_radius=&#8221;none&#8221; column_link_target=&#8221;_self&#8221;&#8230;<\/p>\n","protected":false},"author":1,"featured_media":17926,"comment_status":"closed","ping_status":"closed","sticky":false,"template":"","format":"standard","meta":{"_jetpack_memberships_contains_paid_content":false,"footnotes":""},"categories":[114],"tags":[],"class_list":{"0":"post-9309","1":"post","2":"type-post","3":"status-publish","4":"format-standard","5":"has-post-thumbnail","7":"category-2017-it"},"yoast_head":"<!-- This site is optimized with the Yoast SEO plugin v27.5 - https:\/\/yoast.com\/product\/yoast-seo-wordpress\/ -->\n<title>Carloni &amp; Spernazza | Cosimo | Febbraio 2017 | Von Buren Contemporary<\/title>\n<meta name=\"description\" content=\"Mostra della galleria Rvb Arts di roma. Febbraio - Marzo 2017. Rvb arts diventa von buren contemporary nel 2021...\" \/>\n<meta name=\"robots\" content=\"index, follow, max-snippet:-1, max-image-preview:large, max-video-preview:-1\" \/>\n<link rel=\"canonical\" href=\"https:\/\/vonburencontemporary.com\/it\/carloni-spernazza-cosimo-febbraio-marzo-2017\/\" \/>\n<meta property=\"og:locale\" content=\"it_IT\" \/>\n<meta property=\"og:type\" content=\"article\" \/>\n<meta property=\"og:title\" content=\"Carloni &amp; Spernazza | Cosimo | Febbraio 2017 | Von Buren Contemporary\" \/>\n<meta property=\"og:description\" content=\"Mostra della galleria Rvb Arts di roma. Febbraio - Marzo 2017. Rvb arts diventa von buren contemporary nel 2021...\" \/>\n<meta property=\"og:url\" content=\"https:\/\/vonburencontemporary.com\/it\/carloni-spernazza-cosimo-febbraio-marzo-2017\/\" \/>\n<meta property=\"og:site_name\" content=\"Von Buren Contemporary\" \/>\n<meta property=\"article:published_time\" content=\"2017-02-23T15:35:57+00:00\" \/>\n<meta property=\"article:modified_time\" content=\"2023-06-14T10:28:32+00:00\" \/>\n<meta property=\"og:image\" content=\"https:\/\/vonburencontemporary.com\/wp-content\/uploads\/2017\/02\/alessandra-carloni-giulia-spernazza-cosimo_03.jpg\" \/>\n\t<meta property=\"og:image:width\" content=\"850\" \/>\n\t<meta property=\"og:image:height\" content=\"850\" \/>\n\t<meta property=\"og:image:type\" content=\"image\/jpeg\" \/>\n<meta name=\"author\" content=\"admin\" \/>\n<meta name=\"twitter:card\" content=\"summary_large_image\" \/>\n<meta name=\"twitter:label1\" content=\"Scritto da\" \/>\n\t<meta name=\"twitter:data1\" content=\"admin\" \/>\n\t<meta name=\"twitter:label2\" content=\"Tempo di lettura stimato\" \/>\n\t<meta name=\"twitter:data2\" content=\"3 minuti\" \/>\n<script type=\"application\/ld+json\" class=\"yoast-schema-graph\">{\"@context\":\"https:\\\/\\\/schema.org\",\"@graph\":[{\"@type\":\"Article\",\"@id\":\"https:\\\/\\\/vonburencontemporary.com\\\/it\\\/carloni-spernazza-cosimo-febbraio-marzo-2017\\\/#article\",\"isPartOf\":{\"@id\":\"https:\\\/\\\/vonburencontemporary.com\\\/it\\\/carloni-spernazza-cosimo-febbraio-marzo-2017\\\/\"},\"author\":{\"name\":\"admin\",\"@id\":\"https:\\\/\\\/vonburencontemporary.com\\\/it\\\/#\\\/schema\\\/person\\\/ea111bd4c856049908311a25b5a0e770\"},\"headline\":\"Carloni &#038; Spernazza | Cosimo | Febbraio 2017\",\"datePublished\":\"2017-02-23T15:35:57+00:00\",\"dateModified\":\"2023-06-14T10:28:32+00:00\",\"mainEntityOfPage\":{\"@id\":\"https:\\\/\\\/vonburencontemporary.com\\\/it\\\/carloni-spernazza-cosimo-febbraio-marzo-2017\\\/\"},\"wordCount\":1111,\"publisher\":{\"@id\":\"https:\\\/\\\/vonburencontemporary.com\\\/it\\\/#organization\"},\"image\":{\"@id\":\"https:\\\/\\\/vonburencontemporary.com\\\/it\\\/carloni-spernazza-cosimo-febbraio-marzo-2017\\\/#primaryimage\"},\"thumbnailUrl\":\"https:\\\/\\\/vonburencontemporary.com\\\/wp-content\\\/uploads\\\/2017\\\/02\\\/alessandra-carloni-giulia-spernazza-cosimo_03.jpg\",\"articleSection\":[\"2017\"],\"inLanguage\":\"it-IT\"},{\"@type\":\"WebPage\",\"@id\":\"https:\\\/\\\/vonburencontemporary.com\\\/it\\\/carloni-spernazza-cosimo-febbraio-marzo-2017\\\/\",\"url\":\"https:\\\/\\\/vonburencontemporary.com\\\/it\\\/carloni-spernazza-cosimo-febbraio-marzo-2017\\\/\",\"name\":\"Carloni & Spernazza | Cosimo | Febbraio 2017 | Von Buren Contemporary\",\"isPartOf\":{\"@id\":\"https:\\\/\\\/vonburencontemporary.com\\\/it\\\/#website\"},\"primaryImageOfPage\":{\"@id\":\"https:\\\/\\\/vonburencontemporary.com\\\/it\\\/carloni-spernazza-cosimo-febbraio-marzo-2017\\\/#primaryimage\"},\"image\":{\"@id\":\"https:\\\/\\\/vonburencontemporary.com\\\/it\\\/carloni-spernazza-cosimo-febbraio-marzo-2017\\\/#primaryimage\"},\"thumbnailUrl\":\"https:\\\/\\\/vonburencontemporary.com\\\/wp-content\\\/uploads\\\/2017\\\/02\\\/alessandra-carloni-giulia-spernazza-cosimo_03.jpg\",\"datePublished\":\"2017-02-23T15:35:57+00:00\",\"dateModified\":\"2023-06-14T10:28:32+00:00\",\"description\":\"Mostra della galleria Rvb Arts di roma. Febbraio - Marzo 2017. Rvb arts diventa von buren contemporary nel 2021...\",\"breadcrumb\":{\"@id\":\"https:\\\/\\\/vonburencontemporary.com\\\/it\\\/carloni-spernazza-cosimo-febbraio-marzo-2017\\\/#breadcrumb\"},\"inLanguage\":\"it-IT\",\"potentialAction\":[{\"@type\":\"ReadAction\",\"target\":[\"https:\\\/\\\/vonburencontemporary.com\\\/it\\\/carloni-spernazza-cosimo-febbraio-marzo-2017\\\/\"]}]},{\"@type\":\"ImageObject\",\"inLanguage\":\"it-IT\",\"@id\":\"https:\\\/\\\/vonburencontemporary.com\\\/it\\\/carloni-spernazza-cosimo-febbraio-marzo-2017\\\/#primaryimage\",\"url\":\"https:\\\/\\\/vonburencontemporary.com\\\/wp-content\\\/uploads\\\/2017\\\/02\\\/alessandra-carloni-giulia-spernazza-cosimo_03.jpg\",\"contentUrl\":\"https:\\\/\\\/vonburencontemporary.com\\\/wp-content\\\/uploads\\\/2017\\\/02\\\/alessandra-carloni-giulia-spernazza-cosimo_03.jpg\",\"width\":850,\"height\":850},{\"@type\":\"BreadcrumbList\",\"@id\":\"https:\\\/\\\/vonburencontemporary.com\\\/it\\\/carloni-spernazza-cosimo-febbraio-marzo-2017\\\/#breadcrumb\",\"itemListElement\":[{\"@type\":\"ListItem\",\"position\":1,\"name\":\"Home\",\"item\":\"https:\\\/\\\/vonburencontemporary.com\\\/it\\\/\"},{\"@type\":\"ListItem\",\"position\":2,\"name\":\"Carloni &#038; Spernazza | Cosimo | Febbraio 2017\"}]},{\"@type\":\"WebSite\",\"@id\":\"https:\\\/\\\/vonburencontemporary.com\\\/it\\\/#website\",\"url\":\"https:\\\/\\\/vonburencontemporary.com\\\/it\\\/\",\"name\":\"Von Buren Contemporary\",\"description\":\"\",\"publisher\":{\"@id\":\"https:\\\/\\\/vonburencontemporary.com\\\/it\\\/#organization\"},\"potentialAction\":[{\"@type\":\"SearchAction\",\"target\":{\"@type\":\"EntryPoint\",\"urlTemplate\":\"https:\\\/\\\/vonburencontemporary.com\\\/it\\\/?s={search_term_string}\"},\"query-input\":{\"@type\":\"PropertyValueSpecification\",\"valueRequired\":true,\"valueName\":\"search_term_string\"}}],\"inLanguage\":\"it-IT\"},{\"@type\":\"Organization\",\"@id\":\"https:\\\/\\\/vonburencontemporary.com\\\/it\\\/#organization\",\"name\":\"Von Buren Contemporary\",\"url\":\"https:\\\/\\\/vonburencontemporary.com\\\/it\\\/\",\"logo\":{\"@type\":\"ImageObject\",\"inLanguage\":\"it-IT\",\"@id\":\"https:\\\/\\\/vonburencontemporary.com\\\/it\\\/#\\\/schema\\\/logo\\\/image\\\/\",\"url\":\"https:\\\/\\\/vonburencontemporary.com\\\/wp-content\\\/uploads\\\/2022\\\/03\\\/VBC-Logo-Colour.png\",\"contentUrl\":\"https:\\\/\\\/vonburencontemporary.com\\\/wp-content\\\/uploads\\\/2022\\\/03\\\/VBC-Logo-Colour.png\",\"width\":222,\"height\":216,\"caption\":\"Von Buren Contemporary\"},\"image\":{\"@id\":\"https:\\\/\\\/vonburencontemporary.com\\\/it\\\/#\\\/schema\\\/logo\\\/image\\\/\"},\"sameAs\":[\"https:\\\/\\\/www.instagram.com\\\/vonburen.contemporary\\\/\"]},{\"@type\":\"Person\",\"@id\":\"https:\\\/\\\/vonburencontemporary.com\\\/it\\\/#\\\/schema\\\/person\\\/ea111bd4c856049908311a25b5a0e770\",\"name\":\"admin\",\"image\":{\"@type\":\"ImageObject\",\"inLanguage\":\"it-IT\",\"@id\":\"https:\\\/\\\/secure.gravatar.com\\\/avatar\\\/f1d9679bdf13153605a272267f57e526ca189c4237c00fcfc54854d1a5b43e70?s=96&d=mm&r=g\",\"url\":\"https:\\\/\\\/secure.gravatar.com\\\/avatar\\\/f1d9679bdf13153605a272267f57e526ca189c4237c00fcfc54854d1a5b43e70?s=96&d=mm&r=g\",\"contentUrl\":\"https:\\\/\\\/secure.gravatar.com\\\/avatar\\\/f1d9679bdf13153605a272267f57e526ca189c4237c00fcfc54854d1a5b43e70?s=96&d=mm&r=g\",\"caption\":\"admin\"},\"url\":\"https:\\\/\\\/vonburencontemporary.com\\\/it\\\/author\\\/warren_i2c48846\\\/\"}]}<\/script>\n<!-- \/ Yoast SEO plugin. -->","yoast_head_json":{"title":"Carloni & Spernazza | Cosimo | Febbraio 2017 | Von Buren Contemporary","description":"Mostra della galleria Rvb Arts di roma. Febbraio - Marzo 2017. Rvb arts diventa von buren contemporary nel 2021...","robots":{"index":"index","follow":"follow","max-snippet":"max-snippet:-1","max-image-preview":"max-image-preview:large","max-video-preview":"max-video-preview:-1"},"canonical":"https:\/\/vonburencontemporary.com\/it\/carloni-spernazza-cosimo-febbraio-marzo-2017\/","og_locale":"it_IT","og_type":"article","og_title":"Carloni & Spernazza | Cosimo | Febbraio 2017 | Von Buren Contemporary","og_description":"Mostra della galleria Rvb Arts di roma. Febbraio - Marzo 2017. Rvb arts diventa von buren contemporary nel 2021...","og_url":"https:\/\/vonburencontemporary.com\/it\/carloni-spernazza-cosimo-febbraio-marzo-2017\/","og_site_name":"Von Buren Contemporary","article_published_time":"2017-02-23T15:35:57+00:00","article_modified_time":"2023-06-14T10:28:32+00:00","og_image":[{"width":850,"height":850,"url":"https:\/\/vonburencontemporary.com\/wp-content\/uploads\/2017\/02\/alessandra-carloni-giulia-spernazza-cosimo_03.jpg","type":"image\/jpeg"}],"author":"admin","twitter_card":"summary_large_image","twitter_misc":{"Scritto da":"admin","Tempo di lettura stimato":"3 minuti"},"schema":{"@context":"https:\/\/schema.org","@graph":[{"@type":"Article","@id":"https:\/\/vonburencontemporary.com\/it\/carloni-spernazza-cosimo-febbraio-marzo-2017\/#article","isPartOf":{"@id":"https:\/\/vonburencontemporary.com\/it\/carloni-spernazza-cosimo-febbraio-marzo-2017\/"},"author":{"name":"admin","@id":"https:\/\/vonburencontemporary.com\/it\/#\/schema\/person\/ea111bd4c856049908311a25b5a0e770"},"headline":"Carloni &#038; Spernazza | Cosimo | Febbraio 2017","datePublished":"2017-02-23T15:35:57+00:00","dateModified":"2023-06-14T10:28:32+00:00","mainEntityOfPage":{"@id":"https:\/\/vonburencontemporary.com\/it\/carloni-spernazza-cosimo-febbraio-marzo-2017\/"},"wordCount":1111,"publisher":{"@id":"https:\/\/vonburencontemporary.com\/it\/#organization"},"image":{"@id":"https:\/\/vonburencontemporary.com\/it\/carloni-spernazza-cosimo-febbraio-marzo-2017\/#primaryimage"},"thumbnailUrl":"https:\/\/vonburencontemporary.com\/wp-content\/uploads\/2017\/02\/alessandra-carloni-giulia-spernazza-cosimo_03.jpg","articleSection":["2017"],"inLanguage":"it-IT"},{"@type":"WebPage","@id":"https:\/\/vonburencontemporary.com\/it\/carloni-spernazza-cosimo-febbraio-marzo-2017\/","url":"https:\/\/vonburencontemporary.com\/it\/carloni-spernazza-cosimo-febbraio-marzo-2017\/","name":"Carloni & Spernazza | Cosimo | Febbraio 2017 | Von Buren Contemporary","isPartOf":{"@id":"https:\/\/vonburencontemporary.com\/it\/#website"},"primaryImageOfPage":{"@id":"https:\/\/vonburencontemporary.com\/it\/carloni-spernazza-cosimo-febbraio-marzo-2017\/#primaryimage"},"image":{"@id":"https:\/\/vonburencontemporary.com\/it\/carloni-spernazza-cosimo-febbraio-marzo-2017\/#primaryimage"},"thumbnailUrl":"https:\/\/vonburencontemporary.com\/wp-content\/uploads\/2017\/02\/alessandra-carloni-giulia-spernazza-cosimo_03.jpg","datePublished":"2017-02-23T15:35:57+00:00","dateModified":"2023-06-14T10:28:32+00:00","description":"Mostra della galleria Rvb Arts di roma. Febbraio - Marzo 2017. Rvb arts diventa von buren contemporary nel 2021...","breadcrumb":{"@id":"https:\/\/vonburencontemporary.com\/it\/carloni-spernazza-cosimo-febbraio-marzo-2017\/#breadcrumb"},"inLanguage":"it-IT","potentialAction":[{"@type":"ReadAction","target":["https:\/\/vonburencontemporary.com\/it\/carloni-spernazza-cosimo-febbraio-marzo-2017\/"]}]},{"@type":"ImageObject","inLanguage":"it-IT","@id":"https:\/\/vonburencontemporary.com\/it\/carloni-spernazza-cosimo-febbraio-marzo-2017\/#primaryimage","url":"https:\/\/vonburencontemporary.com\/wp-content\/uploads\/2017\/02\/alessandra-carloni-giulia-spernazza-cosimo_03.jpg","contentUrl":"https:\/\/vonburencontemporary.com\/wp-content\/uploads\/2017\/02\/alessandra-carloni-giulia-spernazza-cosimo_03.jpg","width":850,"height":850},{"@type":"BreadcrumbList","@id":"https:\/\/vonburencontemporary.com\/it\/carloni-spernazza-cosimo-febbraio-marzo-2017\/#breadcrumb","itemListElement":[{"@type":"ListItem","position":1,"name":"Home","item":"https:\/\/vonburencontemporary.com\/it\/"},{"@type":"ListItem","position":2,"name":"Carloni &#038; Spernazza | Cosimo | Febbraio 2017"}]},{"@type":"WebSite","@id":"https:\/\/vonburencontemporary.com\/it\/#website","url":"https:\/\/vonburencontemporary.com\/it\/","name":"Von Buren Contemporary","description":"","publisher":{"@id":"https:\/\/vonburencontemporary.com\/it\/#organization"},"potentialAction":[{"@type":"SearchAction","target":{"@type":"EntryPoint","urlTemplate":"https:\/\/vonburencontemporary.com\/it\/?s={search_term_string}"},"query-input":{"@type":"PropertyValueSpecification","valueRequired":true,"valueName":"search_term_string"}}],"inLanguage":"it-IT"},{"@type":"Organization","@id":"https:\/\/vonburencontemporary.com\/it\/#organization","name":"Von Buren Contemporary","url":"https:\/\/vonburencontemporary.com\/it\/","logo":{"@type":"ImageObject","inLanguage":"it-IT","@id":"https:\/\/vonburencontemporary.com\/it\/#\/schema\/logo\/image\/","url":"https:\/\/vonburencontemporary.com\/wp-content\/uploads\/2022\/03\/VBC-Logo-Colour.png","contentUrl":"https:\/\/vonburencontemporary.com\/wp-content\/uploads\/2022\/03\/VBC-Logo-Colour.png","width":222,"height":216,"caption":"Von Buren Contemporary"},"image":{"@id":"https:\/\/vonburencontemporary.com\/it\/#\/schema\/logo\/image\/"},"sameAs":["https:\/\/www.instagram.com\/vonburen.contemporary\/"]},{"@type":"Person","@id":"https:\/\/vonburencontemporary.com\/it\/#\/schema\/person\/ea111bd4c856049908311a25b5a0e770","name":"admin","image":{"@type":"ImageObject","inLanguage":"it-IT","@id":"https:\/\/secure.gravatar.com\/avatar\/f1d9679bdf13153605a272267f57e526ca189c4237c00fcfc54854d1a5b43e70?s=96&d=mm&r=g","url":"https:\/\/secure.gravatar.com\/avatar\/f1d9679bdf13153605a272267f57e526ca189c4237c00fcfc54854d1a5b43e70?s=96&d=mm&r=g","contentUrl":"https:\/\/secure.gravatar.com\/avatar\/f1d9679bdf13153605a272267f57e526ca189c4237c00fcfc54854d1a5b43e70?s=96&d=mm&r=g","caption":"admin"},"url":"https:\/\/vonburencontemporary.com\/it\/author\/warren_i2c48846\/"}]}},"jetpack_featured_media_url":"https:\/\/vonburencontemporary.com\/wp-content\/uploads\/2017\/02\/alessandra-carloni-giulia-spernazza-cosimo_03.jpg","jetpack_sharing_enabled":true,"_links":{"self":[{"href":"https:\/\/vonburencontemporary.com\/it\/wp-json\/wp\/v2\/posts\/9309","targetHints":{"allow":["GET"]}}],"collection":[{"href":"https:\/\/vonburencontemporary.com\/it\/wp-json\/wp\/v2\/posts"}],"about":[{"href":"https:\/\/vonburencontemporary.com\/it\/wp-json\/wp\/v2\/types\/post"}],"author":[{"embeddable":true,"href":"https:\/\/vonburencontemporary.com\/it\/wp-json\/wp\/v2\/users\/1"}],"replies":[{"embeddable":true,"href":"https:\/\/vonburencontemporary.com\/it\/wp-json\/wp\/v2\/comments?post=9309"}],"version-history":[{"count":0,"href":"https:\/\/vonburencontemporary.com\/it\/wp-json\/wp\/v2\/posts\/9309\/revisions"}],"wp:featuredmedia":[{"embeddable":true,"href":"https:\/\/vonburencontemporary.com\/it\/wp-json\/wp\/v2\/media\/17926"}],"wp:attachment":[{"href":"https:\/\/vonburencontemporary.com\/it\/wp-json\/wp\/v2\/media?parent=9309"}],"wp:term":[{"taxonomy":"category","embeddable":true,"href":"https:\/\/vonburencontemporary.com\/it\/wp-json\/wp\/v2\/categories?post=9309"},{"taxonomy":"post_tag","embeddable":true,"href":"https:\/\/vonburencontemporary.com\/it\/wp-json\/wp\/v2\/tags?post=9309"}],"curies":[{"name":"wp","href":"https:\/\/api.w.org\/{rel}","templated":true}]}}